{"id":8391,"date":"2022-02-05T13:25:57","date_gmt":"2022-02-05T12:25:57","guid":{"rendered":"https:\/\/blog.mr-int.ch\/?p=8391"},"modified":"2024-04-12T10:37:38","modified_gmt":"2024-04-12T08:37:38","slug":"egoiste-chicaniere-mal-ajustee-futile-ecran-de-fumee-et-mystique-lempreinte-carbone-detourne-de-lessentiel","status":"publish","type":"post","link":"https:\/\/blog.mr-int.ch\/?p=8391","title":{"rendered":"\u00c9go\u00efste, chicani\u00e8re, mal ajust\u00e9e, futile, \u00e9cran de fum\u00e9e et mystique, l\u2019empreinte carbone d\u00e9tourne de l&rsquo;essentiel"},"content":{"rendered":"\n<p>Il y a consensus qu\u2019un jour dans le futur, les activit\u00e9s humaines auront d\u00fb cesser de charger l\u2019atmosph\u00e8re de gaz \u00e0 effet de serre, ou que des m\u00e9thodes de r\u00e9absorption devront compenser les \u00e9missions qui restent in\u00e9vitables. Ce n\u2019est qu\u2019\u00e0 propos de l\u2019urgence \u00e0 atteindre cette situation et des moyens \u00e0 mettre en \u0153uvre que ne r\u00e8gne aucun consensus.<\/p>\n\n\n\n<p>Une des fixations des esprits s\u2019op\u00e8re sur l\u2019empreinte carbone. C\u2019est une mesure d\u2019un p\u00e9ch\u00e9 originel commis par chacun, celui de vivre comme \u00eatre humain et non comme une amibe. Il faudrait alors quantifier cette empreinte jusque dans ses moindres d\u00e9tails afin de mesurer la peine \u00e0 infliger. Ainsi l\u2019ouvrier mangeant du pain cuit dans un four \u00e0 gaz et dont la motorisation explosive lui permet de se rendre au travail \u00e0 l\u2019usine de bicyclettes sera coupable de contribuer \u00e0 un exc\u00e8s de CO<sub>2<\/sub>. Si les machines de cette usine tournent avec du courant \u00e9lectrique venant d\u2019une centrale \u00e0 charbon, le bilan des v\u00e9los empirera. Et comme les mat\u00e9riaux utilis\u00e9s dans la construction du v\u00e9lo proviennent de toutes sortes de processus de fabrication qui eux aussi sont de forts \u00e9metteurs de gaz \u00e0 effet de serre, le v\u00e9lo pourra \u00eatre consid\u00e9r\u00e9 comme un des pires outils de lutte contre le r\u00e9chauffement climatique. Ne vaudrait-il donc mieux ne pas fabriquer des v\u00e9los et ne pas les utiliser&nbsp;?<\/p>\n\n\n\n<p>Supposons que ce m\u00eame constructeur d\u00e9sire se donner bonne conscience en se fournissant exclusivement en aluminium provenant de Norv\u00e8ge, l\u00e0 o\u00f9 l\u2019\u00e9lectrolyse est aliment\u00e9e par du courant provenant de centrales hydrauliques. La quantit\u00e9 qu\u2019il pr\u00e9l\u00e8vera de cette source d\u00e9carbon\u00e9e ne sera plus \u00e0 disposition des autres utilisateurs d\u2019aluminium qui devront se contenter de se fournir ailleurs, par exemple en Chine, l\u00e0 o\u00f9 le mix \u00e9lectrique est fait de technologies qui \u00e9mettent beaucoup de gaz \u00e0 effet de serre. Serait-ce une d\u00e9cision climatiquement vertueuse&nbsp;? En aucun cas puisque cela ne changera pas d\u2019une mol\u00e9cule les \u00e9missions du monde.<br><strong>\u00c9go\u00efsme \u00e9colo<\/strong>&nbsp;: sauve qui peut se le payer&nbsp;aux d\u00e9pens des autres !<\/p>\n\n\n\n<p>Cette m\u00eame question se pose \u00e0 propos de tous les artefacts que nous inventons, construisons et utilisons&nbsp;: \u00e9oliennes, voitures \u00e9lectriques, ordinateurs, jeux d\u2019enfants, produits agricoles\u2026 la liste est aussi longue que le catalogue de la Fabrique Monde. Actuellement, cette usine utilise de l\u2019\u00e9nergie dont les 83% proviennent de sources fossiles. La r\u00e9alit\u00e9 est bien une moyenne&nbsp;: toute activit\u00e9 humaine est charg\u00e9e de ce fardeau carbonique qui se r\u00e9partit de mani\u00e8re globale, sans aucune neutralit\u00e9 singuli\u00e8re. Avant que cette proportion ne passe \u00e0 z\u00e9ro, on pourra discutailler \u00e0 merci de la saintet\u00e9 relative d\u2019un gadget par rapport \u00e0 un autre, ou des r\u00e9sultats d\u2019un pays par rapport \u00e0 d\u2019autres. Ces calculs et bl\u00e2mes mutuels n\u2019ont aucune importance puisqu\u2019ils ne d\u00e9pendent que de contextes isol\u00e9s, de circonstances temporaires, ou de pr\u00e9emptions l\u00e9onines de ressources dites \u00ab&nbsp;propres&nbsp;\u00bb aux d\u00e9pens de concurrents d\u00e9munis. Ils sont donc inutiles ou m\u00eame illusoires comme le montre l\u2019exemple de l\u2019aluminium norv\u00e9gien. Il y a bien trop de gens qui se pr\u00e9occupent de cet inutile et de cet illusoire.<br><strong>Bureaucratie&nbsp;\u00e9colo<\/strong> : emmernuyer tout le monde sans rien accomplir.<\/p>\n\n\n\n<p>Il est superflu de discuter ici les diverses pistes \u00e0 prendre pour annuler le carbone&nbsp;; elles sont g\u00e9n\u00e9ralement connues et prennent du temps \u00e0 se d\u00e9ployer&nbsp;; elles doivent aussi \u00eatre \u00e0 la taille du probl\u00e8me. Pourtant, il manque encore la volont\u00e9 d\u2019accepter d\u2019utiliser l\u2019\u00e9nergie nucl\u00e9aire pour produire en priorit\u00e9 une \u00e9lectricit\u00e9 dont les besoins vont devoir doubler ou m\u00eame tripler.<br><strong>Irr\u00e9alisme&nbsp;\u00e9colo<\/strong> : ignorer la solution adapt\u00e9e aux dimensions du probl\u00e8me. &nbsp;<\/p>\n\n\n\n<p>Bien des mesures engag\u00e9es fr\u00e9n\u00e9tiquement sont pourtant pr\u00e9matur\u00e9es, comme la promotion \u00e0 grands coups de subventions des v\u00e9hicules \u00e9lectriques alors que la production du courant pour les charger est loin d\u2019avoir r\u00e9solu son probl\u00e8me carbon\u00e9. Lorsque l\u2019on en sera arriv\u00e9 l\u00e0, ces voitures seront d\u00e9j\u00e0 us\u00e9es et bonnes \u00e0 la casse. Il est aussi pr\u00e9matur\u00e9 de privil\u00e9gier des batteries au lithium dont les processus de recyclage en sont \u00e0 leurs balbutiement. Le d\u00e9ploiement \u00e0 grande \u00e9chelle de solutions intermittentes (photovolta\u00efque et \u00e9olien) pour l\u2019approvisionnement \u00e9lectrique pose aussi un probl\u00e8me de stockage qui devrait \u00eatre d\u2019abord r\u00e9solu avant que le r\u00e9seau d\u00e9stabilis\u00e9 ne d\u00e9connecte. <br><strong>Incoh\u00e9rence&nbsp;\u00e9colo<\/strong> : pr\u00e9cipiter des b\u00eatises pour ne pas faire de bien.<\/p>\n\n\n\n<p>Des mesures symboliques comme celle d\u2019utiliser le v\u00e9lo ou de taxer un carbone d\u00fbment comptabilis\u00e9 dans tous les recoins du globe sont bien na\u00efves car elles procurent l\u2019illusion d\u2019une contribution significative. Ce n\u2019est simplement pas vrai, cette pusillanimit\u00e9 contribue plut\u00f4t au mythe de la micro-action et du geste virtuel pr\u00e9tendus salutaires pour une plan\u00e8te qui n\u2019en a cure. C\u2019est pourtant cela que les gouvernements mettent en place, des <em>green deals<\/em> hors sols visant \u00e0 c\u00f4t\u00e9 des cibles majeures tout en pompant les sous des contribuables.<br><strong>Enfumage \u00e9colo<\/strong>&nbsp;: cacher la for\u00eat par d\u2019insignifiants buissons.<\/p>\n\n\n\n<p>Si vraiment il r\u00e9gnait une volont\u00e9 de changer l\u2019influence que les activit\u00e9s humaines ont sur le climat, des actes de grande port\u00e9e seraient d\u00e9j\u00e0 en cours, les d\u00e9tails pouvant suivre sans aucun besoin de comptabilit\u00e9 carbone. Par exemple, les technologies nucl\u00e9aires modulaires devraient \u00eatre un des \u00e9l\u00e9ments cl\u00e9s de l\u2019aide au d\u00e9veloppement, celle o\u00f9 l\u2019on transmet des outils et des savoir-faire concrets plut\u00f4t que des bons conseils. Pour les nombreuses industries de base qui, aujourd\u2019hui, n\u2019ont pas de solution d\u00e9carbon\u00e9e \u2013&nbsp;acier, ciment, engrais azot\u00e9s, mati\u00e8res plastiques et composites&nbsp;\u2013 il est n\u00e9cessaire d\u2019investir massivement dans la recherche et le d\u00e9veloppement et de leur fournir assez d\u2019\u00e9lectricit\u00e9&nbsp;; c\u2019est leur propre responsabilit\u00e9 mais elles ont aussi besoin de fertilisation par d\u2019autres domaines de la science et de la technologie. Il en va de m\u00eame pour les carburants synth\u00e9tiques. Les nouvelles hautes technologies seront chimiques ou ne seront pas. Qui le sait, qui le dit, qui le fait&nbsp;?<br><strong>Obscurantisme \u00e9colo<\/strong>&nbsp;: pr\u00e9caution \u00e0 tout prix.<\/p>\n\n\n\n<p>Il y a bien s\u00fbr les pistes anti-prom\u00e9th\u00e9ennes, celles qui refusent le d\u00e9ploiement de l\u2019ing\u00e9niosit\u00e9 humaine pour se r\u00e9fugier dans un id\u00e9al d\u00e9pourvu de mat\u00e9rialit\u00e9 consommatrice. Elles promettent la d\u00e9croissance sobre et heureuse, le bonheur d\u00e9capitalis\u00e9 pour les g\u00e9n\u00e9rations futures. C\u2019est en fait un n\u00e9o-marxisme qui agglom\u00e8re un \u00e9cologisme forcen\u00e9 avec des luttes de multiples classes nouvelles et fantasm\u00e9es. Une crise climatique sert de pr\u00e9texte \u00e0 ces agitateurs professionnels dont le CO<sub>2<\/sub> sera le cadet de leurs soucis.<br><strong>Mysticisme \u00e9colo<\/strong>&nbsp;: user d\u2019une novlangue pour d\u00e9construire sans rien construire.<\/p>\n\n\n\n<p>En mati\u00e8re financi\u00e8re, tenir une comptabilit\u00e9 honn\u00eate et rigoureuse est une garantie de ne pas avoir un horizon assombri par des barreaux de cellule. Telle r\u00e8gle ne s\u2019applique pas pour la comptabilit\u00e9 carbone qui fait raconter n\u2019importe quoi au service d\u2019un plaidoyer ou d\u2019un autre. Ce sont des broutilles et des distractions, inutiles pour aborder les vrais gros sujets.<\/p>\n\n\n\n<p class=\"has-text-align-right\"><em>Si tu commences \u00e0 compter et nommer, tu ne t&rsquo;arr\u00eateras jamais.<br>Tchouang-tseu (IV<sup>e<\/sup> si\u00e8cle av. J.-C)&nbsp; &nbsp;<\/em><\/p>\n","protected":false},"excerpt":{"rendered":"<p>Il y a consensus qu\u2019un jour dans le futur, les activit\u00e9s humaines auront d\u00fb cesser de charger l\u2019atmosph\u00e8re de gaz \u00e0 effet de serre, ou que des m\u00e9thodes de r\u00e9absorption devront compenser les \u00e9missions qui restent in\u00e9vitables. Ce n\u2019est qu\u2019\u00e0 propos de l\u2019urgence \u00e0 atteindre cette situation et des moyens \u00e0 mettre en \u0153uvre que ne r\u00e8gne aucun consensus.<br \/>\nUne des fixations des esprits s\u2019op\u00e8re sur l\u2019empreinte carbone. C\u2019est une mesure d\u2019un p\u00e9ch\u00e9 originel commis par chacun, celui de vivre comme \u00eatre humain et non comme une amibe.<\/p>\n","protected":false},"author":2,"featured_media":8392,"comment_status":"open","ping_status":"open","sticky":false,"template":"","format":"standard","meta":{"iawp_total_views":2,"footnotes":"","_links_to":"","_links_to_target":""},"categories":[38,12],"tags":[178,113,476],"class_list":["post-8391","post","type-post","status-publish","format-standard","has-post-thumbnail","hentry","category-climat","category-politics-fr","tag-co2-2","tag-ecologisme","tag-empreinte-carbone"],"_links":{"self":[{"href":"https:\/\/blog.mr-int.ch\/index.php?rest_route=\/wp\/v2\/posts\/8391","targetHints":{"allow":["GET"]}}],"collection":[{"href":"https:\/\/blog.mr-int.ch\/index.php?rest_route=\/wp\/v2\/posts"}],"about":[{"href":"https:\/\/blog.mr-int.ch\/index.php?rest_route=\/wp\/v2\/types\/post"}],"author":[{"embeddable":true,"href":"https:\/\/blog.mr-int.ch\/index.php?rest_route=\/wp\/v2\/users\/2"}],"replies":[{"embeddable":true,"href":"https:\/\/blog.mr-int.ch\/index.php?rest_route=%2Fwp%2Fv2%2Fcomments&post=8391"}],"version-history":[{"count":0,"href":"https:\/\/blog.mr-int.ch\/index.php?rest_route=\/wp\/v2\/posts\/8391\/revisions"}],"wp:featuredmedia":[{"embeddable":true,"href":"https:\/\/blog.mr-int.ch\/index.php?rest_route=\/wp\/v2\/media\/8392"}],"wp:attachment":[{"href":"https:\/\/blog.mr-int.ch\/index.php?rest_route=%2Fwp%2Fv2%2Fmedia&parent=8391"}],"wp:term":[{"taxonomy":"category","embeddable":true,"href":"https:\/\/blog.mr-int.ch\/index.php?rest_route=%2Fwp%2Fv2%2Fcategories&post=8391"},{"taxonomy":"post_tag","embeddable":true,"href":"https:\/\/blog.mr-int.ch\/index.php?rest_route=%2Fwp%2Fv2%2Ftags&post=8391"}],"curies":[{"name":"wp","href":"https:\/\/api.w.org\/{rel}","templated":true}]}}