{"id":5373,"date":"2019-06-25T10:38:56","date_gmt":"2019-06-25T08:38:56","guid":{"rendered":"https:\/\/blog.mr-int.ch\/?p=5373"},"modified":"2019-12-07T19:05:30","modified_gmt":"2019-12-07T18:05:30","slug":"devoir-choisir-entre-lhysterie-et-la-negligence-climatique","status":"publish","type":"post","link":"https:\/\/blog.mr-int.ch\/?p=5373","title":{"rendered":"Devoir choisir entre l&rsquo;hyst\u00e9rie et la n\u00e9gligence climatique ?"},"content":{"rendered":"\r\n<p>Dans la s\u00e9rie \u00ab\u00a0r\u00e9futation des dogmes\u00a0\u00bb, une t\u00e2che par d\u00e9finition impossible, un essai vient de para\u00eetre dans lequel les arguments suppos\u00e9s des sceptiques et les questions critiques ignor\u00e9es par les cr\u00e9dules sont pass\u00e9s en revue. Je vous invite \u00e0 en prendre connaissance.<\/p>\r\n\r\n\r\n\r\n<h2 class=\"wp-block-heading\">Entre hyst\u00e9rie et n\u00e9gligence climatique<\/h2>\r\n\r\n\r\n\r\n<h3 class=\"wp-block-heading\">Du totalitarisme au r\u00e9alisme<\/h3>\r\n\r\n\r\n\r\n<h4 class=\"wp-block-heading\">Un essai par Michel de Rougemont, 2019<\/h4>\r\n\r\n\r\n\r\n<p>L\u2019activisme climatique a pris un \u00e9lan qui en fait maintenant un th\u00e8me politique in\u00e9vitable, d\u00fbment inclus dans tout positionnement \u00e9lectoral, quelle que soit l\u2019orientation partisane de chacun. L\u2019\u00e9cologisme s\u2019en nourrit qui y agr\u00e8ge tous les maux de la terre, des pollutions locales \u00e0 la biodiversit\u00e9 g\u00e9n\u00e9rale ou aux d\u00e9rangements chimiques ou hormonaux.<\/p>\r\n\r\n\r\n\r\n<p>\u00c0 entendre les alarmistes, l\u2019\u00e9tat d\u2019urgence serait \u00e0 instaurer afin que des mesures soient prises sans d\u00e9lai ni autres consid\u00e9rations.<\/p>\r\n\r\n\r\n\r\n<p>Deux facteurs primordiaux et critiques fondent toute opinion que l\u2019on puisse avoir sur la question climatique :<\/p>\r\n<figure id=\"attachment_5378\" aria-describedby=\"caption-attachment-5378\" style=\"width: 256px\" class=\"wp-caption alignleft\"><img loading=\"lazy\" decoding=\"async\" class=\"size-thumbnail wp-image-5378\" src=\"https:\/\/blog.mr-int.ch\/wp-content\/uploads\/2019\/06\/climate-science-policy-fr.io_-256x199.png\" alt=\"\" width=\"256\" height=\"199\" srcset=\"https:\/\/blog.mr-int.ch\/wp-content\/uploads\/2019\/06\/climate-science-policy-fr.io_-256x199.png 256w, https:\/\/blog.mr-int.ch\/wp-content\/uploads\/2019\/06\/climate-science-policy-fr.io_-368x287.png 368w, https:\/\/blog.mr-int.ch\/wp-content\/uploads\/2019\/06\/climate-science-policy-fr.io_-700x545.png 700w, https:\/\/blog.mr-int.ch\/wp-content\/uploads\/2019\/06\/climate-science-policy-fr.io_-768x598.png 768w, https:\/\/blog.mr-int.ch\/wp-content\/uploads\/2019\/06\/climate-science-policy-fr.io_-1200x935.png 1200w, https:\/\/blog.mr-int.ch\/wp-content\/uploads\/2019\/06\/climate-science-policy-fr.io_.png 1221w\" sizes=\"auto, (max-width: 256px) 85vw, 256px\" \/><figcaption id=\"caption-attachment-5378\" class=\"wp-caption-text\">Chevauchement obligatoire entre science et politique du climat (cliquer pour agrandir).<\/figcaption><\/figure>\r\n<ul>\r\n<li>la sensibilit\u00e9 du climat au CO<sub>2<\/sub> (et aux autres gaz \u00e0 effet de serre) ;<\/li>\r\n<li>la dangerosit\u00e9 d\u2019un d\u00e9passement d\u2019un seuil de r\u00e9chauffement.<\/li>\r\n<\/ul>\r\n<p>Une politique climatique sera bien diff\u00e9rente selon les valeurs retenues pour ces facteurs.<br \/>Il semble h\u00e9las qu\u2019ils soient syst\u00e9matiquement exag\u00e9r\u00e9s, tant par des experts dont la science est loin d\u2019\u00eatre d\u00e9finitive que par les milieux m\u00e9diatiques et politiques.<\/p>\r\n<p>\r\n\r\n<\/p>\r\n<p>&nbsp;<\/p>\r\n<p>\r\n\r\n<\/p>\r\n<p>Toute critique est malvenue et s\u2018y risquer vaudra \u00e0 l\u2019intr\u00e9pide le titre diffamant de <br \/>n\u00e9gationniste. Dans cet essai, r\u00e9futation est n\u00e9anmoins offerte aux arguments les plus r\u00e9p\u00e9t\u00e9s par ceux qu\u2019il faut bien appeler climato-dogmatiques puisqu\u2019ils refusent l\u2018id\u00e9e m\u00eame d\u2019en d\u00e9battre.<\/p>\r\n<p>\r\n\r\n<\/p>\r\n<p>Si un jour le monde devra bien s\u2019\u00eatre sevr\u00e9 des carburants fossiles, la voie \u00e0 suivre n\u2019est ni celle de l\u2019hyst\u00e9rie ni celle de la n\u00e9gligence. Il n\u2019est pas non plus souhaitable de se laisser tenter par des m\u00e9thodes totalitaires pour imposer des objectifs et des moyens bien contestables.<\/p>\r\n<p>\r\n\r\n<\/p>\r\n<p>Un prospectus peut \u00eatre <a href=\"https:\/\/climate.mr-int.ch\/images\/documents\/prospectus-refutation-climatique.pdf\" target=\"_blank\" rel=\"noopener noreferrer\">t\u00e9l\u00e9charg\u00e9 ici<\/a>.<br \/>Cet essai est en vente (car rien ne saurait \u00eatre gratuit) :<\/p>\r\n<p>\r\n\r\n<\/p>\r\n<ul class=\"wp-block-list\">\r\n<li>Brochure 10&Prime;x15&Prime;, 61 pages, pour 17.00 EUR (~19 Frs, port en Suisse compris)<\/li>\r\n<li>Document PDF t\u00e9l\u00e9chargeable pour 8.00 EUR (~9 Frs)<\/li>\r\n<\/ul>\r\n<p>\r\n\r\n<\/p>\r\n<p>\u00c0 commander par internet sur le site <a href=\"https:\/\/climate.mr-int.ch\/index.php\/fr\/commande\" target=\"_blank\" rel=\"noopener noreferrer\">climate.mr-int.ch<\/a><br \/>ou par courriel \u00e0 : <a href=\"mailto:contact@mr-int.ch\">contact@mr-int.ch<\/a><\/p>\r\n<p><\/p>","protected":false},"excerpt":{"rendered":"<p>Dans la s\u00e9rie \u00ab\u00a0r\u00e9futation des dogmes\u00a0\u00bb, une t\u00e2che par d\u00e9finition impossible, un essai vient de para\u00eetre dans lequel les arguments suppos\u00e9s des sceptiques et les questions critiques ignor\u00e9es par les cr\u00e9dules sont pass\u00e9s en revue. Je vous invite \u00e0 en prendre connaissance. Entre hyst\u00e9rie et n\u00e9gligence climatique Du totalitarisme au r\u00e9alisme Un essai par Michel &hellip; <a href=\"https:\/\/blog.mr-int.ch\/?p=5373\" class=\"more-link\">Continue reading<span class=\"screen-reader-text\"> \u00ab\u00a0Devoir choisir entre l&rsquo;hyst\u00e9rie et la n\u00e9gligence climatique ?\u00a0\u00bb<\/span><\/a><\/p>\n","protected":false},"author":2,"featured_media":5403,"comment_status":"open","ping_status":"open","sticky":false,"template":"","format":"standard","meta":{"iawp_total_views":2,"footnotes":"","_links_to":"","_links_to_target":""},"categories":[38,12],"tags":[],"class_list":["post-5373","post","type-post","status-publish","format-standard","has-post-thumbnail","hentry","category-climat","category-politics-fr"],"_links":{"self":[{"href":"https:\/\/blog.mr-int.ch\/index.php?rest_route=\/wp\/v2\/posts\/5373","targetHints":{"allow":["GET"]}}],"collection":[{"href":"https:\/\/blog.mr-int.ch\/index.php?rest_route=\/wp\/v2\/posts"}],"about":[{"href":"https:\/\/blog.mr-int.ch\/index.php?rest_route=\/wp\/v2\/types\/post"}],"author":[{"embeddable":true,"href":"https:\/\/blog.mr-int.ch\/index.php?rest_route=\/wp\/v2\/users\/2"}],"replies":[{"embeddable":true,"href":"https:\/\/blog.mr-int.ch\/index.php?rest_route=%2Fwp%2Fv2%2Fcomments&post=5373"}],"version-history":[{"count":0,"href":"https:\/\/blog.mr-int.ch\/index.php?rest_route=\/wp\/v2\/posts\/5373\/revisions"}],"wp:featuredmedia":[{"embeddable":true,"href":"https:\/\/blog.mr-int.ch\/index.php?rest_route=\/wp\/v2\/media\/5403"}],"wp:attachment":[{"href":"https:\/\/blog.mr-int.ch\/index.php?rest_route=%2Fwp%2Fv2%2Fmedia&parent=5373"}],"wp:term":[{"taxonomy":"category","embeddable":true,"href":"https:\/\/blog.mr-int.ch\/index.php?rest_route=%2Fwp%2Fv2%2Fcategories&post=5373"},{"taxonomy":"post_tag","embeddable":true,"href":"https:\/\/blog.mr-int.ch\/index.php?rest_route=%2Fwp%2Fv2%2Ftags&post=5373"}],"curies":[{"name":"wp","href":"https:\/\/api.w.org\/{rel}","templated":true}]}}