{"id":3951,"date":"2017-04-19T10:02:15","date_gmt":"2017-04-19T08:02:15","guid":{"rendered":"http:\/\/blog.mr-int.ch?p=3951"},"modified":"2017-04-19T18:05:16","modified_gmt":"2017-04-19T16:05:16","slug":"interpretation-des-donnees-climatiques","status":"publish","type":"post","link":"https:\/\/blog.mr-int.ch\/?p=3951","title":{"rendered":"Interpr\u00e9tation des donn\u00e9es climatiques"},"content":{"rendered":"<p><span id=\"tran0\">Aucune relation de cause \u00e0 effet ne peut \u00eatre tir\u00e9e de mani\u00e8re conclusive des rares donn\u00e9es climatiques qui sont \u00e0 disposition. Bien qu&rsquo;il soit possible de corr\u00e9ler l&rsquo;\u00e9volution de la temp\u00e9rature globale avec la concentration de dioxyde de carbone, une formule de r\u00e9gression bien adapt\u00e9e peut aussi \u00eatre obtenue en ignorant ce param\u00e8tre. Face \u00e0 une telle constatation, la prudence exige de s&rsquo;abstenir d&rsquo;utiliser n&rsquo;importe quel ph\u00e9nom\u00e8ne favori pour expliquer et quantifier des m\u00e9canismes climatiques, alors que d&rsquo;autres peuvent \u00eatre tout aussi significatifs, sinon plus.<\/span><\/p>\n<p><span id=\"tran0\"><br \/>\nArticle en anglais.<br \/>\n<\/span><\/p>\n<p><!--more--><\/p>\n\n\t\t<div class=\"wppdfemb-frame-container-1\" style=\"-webkit-overflow-scrolling:auto;\">\n\t\t\t<iframe class=\"pdfembed-iframe nonfullscreen wppdf-emb-iframe-1\"\n\t\t\t\tsrc=\"https:\/\/blog.mr-int.ch\/?pdfemb-data=eyIwIjoiZG93bmxvYWQ9XCJvblwid2lkdGg9XCI2OTZcIiIsInRpdGxlIjoiY2xpbWF0ZS1kYXRhLXRoZWlyLWludGVycHJldGF0aW9uIiwiaW5kZXgiOjEsInBkZklEIjozOTUyLCJwZGZlbWItc2VydmV1cmwiOiJodHRwJTNBJTJGJTJGYmxvZy5tci1pbnQuY2glMkZ3cC1jb250ZW50JTJGdXBsb2FkcyUyRnNlY3VyZXBkZnMlMkYyMDE3JTJGMDQlMkZjbGltYXRlLWRhdGEtdGhlaXItaW50ZXJwcmV0YXRpb24ucGRmIiwid21fdGV4dCI6IiJ9\"\n\t\t\t\ttitle=\"climate-data-their-interpretation\"\t\t\t\tdata-pdf-id=\"3952\"\n\t\t\t\tdata-pdf-index=\"1\"\n\t\t\t\tstyle=\"border:none;width:100%;max-width:768px;height:1087px;\"\n\t\t\t\tscrolling=\"yes\">\n\t\t\t<\/iframe>\n\t\t<\/div>\n\n\t\t\n","protected":false},"excerpt":{"rendered":"<p>Aucune relation de cause \u00e0 effet ne peut \u00eatre tir\u00e9e de mani\u00e8re conclusive des rares donn\u00e9es climatiques qui sont \u00e0 disposition. Bien qu&rsquo;il soit possible de corr\u00e9ler l&rsquo;\u00e9volution de la temp\u00e9rature globale avec la concentration de dioxyde de carbone, une formule de r\u00e9gression bien adapt\u00e9e peut aussi \u00eatre obtenue en ignorant ce param\u00e8tre. Face \u00e0 &hellip; <a href=\"https:\/\/blog.mr-int.ch\/?p=3951\" class=\"more-link\">Continue reading<span class=\"screen-reader-text\"> \u00ab\u00a0Interpr\u00e9tation des donn\u00e9es climatiques\u00a0\u00bb<\/span><\/a><\/p>\n","protected":false},"author":2,"featured_media":2373,"comment_status":"open","ping_status":"closed","sticky":false,"template":"","format":"standard","meta":{"iawp_total_views":11,"footnotes":"","_links_to":"","_links_to_target":""},"categories":[38],"tags":[],"class_list":["post-3951","post","type-post","status-publish","format-standard","has-post-thumbnail","hentry","category-climat"],"_links":{"self":[{"href":"https:\/\/blog.mr-int.ch\/index.php?rest_route=\/wp\/v2\/posts\/3951","targetHints":{"allow":["GET"]}}],"collection":[{"href":"https:\/\/blog.mr-int.ch\/index.php?rest_route=\/wp\/v2\/posts"}],"about":[{"href":"https:\/\/blog.mr-int.ch\/index.php?rest_route=\/wp\/v2\/types\/post"}],"author":[{"embeddable":true,"href":"https:\/\/blog.mr-int.ch\/index.php?rest_route=\/wp\/v2\/users\/2"}],"replies":[{"embeddable":true,"href":"https:\/\/blog.mr-int.ch\/index.php?rest_route=%2Fwp%2Fv2%2Fcomments&post=3951"}],"version-history":[{"count":0,"href":"https:\/\/blog.mr-int.ch\/index.php?rest_route=\/wp\/v2\/posts\/3951\/revisions"}],"wp:featuredmedia":[{"embeddable":true,"href":"https:\/\/blog.mr-int.ch\/index.php?rest_route=\/wp\/v2\/media\/2373"}],"wp:attachment":[{"href":"https:\/\/blog.mr-int.ch\/index.php?rest_route=%2Fwp%2Fv2%2Fmedia&parent=3951"}],"wp:term":[{"taxonomy":"category","embeddable":true,"href":"https:\/\/blog.mr-int.ch\/index.php?rest_route=%2Fwp%2Fv2%2Fcategories&post=3951"},{"taxonomy":"post_tag","embeddable":true,"href":"https:\/\/blog.mr-int.ch\/index.php?rest_route=%2Fwp%2Fv2%2Ftags&post=3951"}],"curies":[{"name":"wp","href":"https:\/\/api.w.org\/{rel}","templated":true}]}}