{"id":1572,"date":"2015-01-10T15:56:47","date_gmt":"2015-01-10T14:56:47","guid":{"rendered":"http:\/\/blog.mr-int.ch\/?p=1572"},"modified":"2015-01-12T09:10:07","modified_gmt":"2015-01-12T08:10:07","slug":"lislam-modere-est-il-possible-suite","status":"publish","type":"post","link":"https:\/\/blog.mr-int.ch\/?p=1572","title":{"rendered":"L\u2019islam mod\u00e9r\u00e9 est-il possible ? (suite)"},"content":{"rendered":"<p>Le discours du Nouvel-an 2015 du pr\u00e9sident \u00e9gyptien Al-Sissi est une bouff\u00e9e d\u2019espoir. Il a \u00e9t\u00e9 prononc\u00e9 avant les \u00e9v\u00e9nements de Paris du 7 au 9 janvier.<\/p>\n<p>Voir \u00e0 ce sujet un article de la Basler Zeitung du 9 janvier 2015\u00a0: <a href=\"http:\/\/bit.ly\/1I1Oqte\">http:\/\/bit.ly\/1I1Oqte<\/a> ,<br \/>\nainsi que ce billet sur internet\u00a0: <a href=\"http:\/\/www.raymondibrahim.com\/from-the-arab-world\/egypts-sisi-islamic-thinking-is-antagonizing-the-entire-world\/\">http:\/\/www.raymondibrahim.com\/from-the-arab-world\/egypts-sisi-islamic-thinking-is-antagonizing-the-entire-world\/<\/a>.<\/p>\n<p>Ce discours a \u00e9t\u00e9 prononc\u00e9 devant la fleur de la fleur de la religion musulmane \u00e0 l\u2019universit\u00e9 Al\u2011Ahzar du Caire, haut lieu de la sunna. Ce n\u2019est donc pas rien pour ces gens.<\/p>\n<p>En substance Al-Sissi trouve inconcevable la pens\u00e9e que ce qui est tenu comme le plus sacr\u00e9 puisse faire que l\u2019enti\u00e8re communaut\u00e9 musulmane soit la source d\u2019anxi\u00e9t\u00e9, de danger, de tueries et de destruction pour le reste du monde.<\/p>\n<p>Il parle de \u00ab\u00a0pens\u00e9e inconcevable\u00a0\u00bb et non de religion, soit un ensemble de textes et d\u2019id\u00e9es qui ont \u00e9t\u00e9 sacralis\u00e9s au cours des si\u00e8cles, dont toute d\u00e9viation est devenue impossible, et qui antagonisent le reste du monde.<\/p>\n<p>Il met en question que 1,6 milliard de musulmans devraient vouloir tuer le reste des 7 milliards d\u2019habitants de la terre. Une impossibilit\u00e9\u00a0!<\/p>\n<p>Et il le dit en face d\u2019une assembl\u00e9e de savants et d\u2019oul\u00e9mas, \u00e0 Al\u2011Ahzar. Il leur dit qu\u2019ils ne peuvent rester enferm\u00e9s avec cette attitude mentale, qu\u2019il leur faut sortir de leur cadre pour l\u2019observer d\u2019une perspective plus \u00e9clair\u00e9e.<\/p>\n<p>Il dit et r\u00e9p\u00e8te qu\u2019une r\u00e9volution religieuse est n\u00e9cessaire et que ce sont eux, les imams, qui sont responsables devant Allah. Et que le monde entier attend qu\u2019ils bougent car la communaut\u00e9 musulmane (l\u2019oumma) est en train de se tordre, de se d\u00e9truire et de se perdre, et ce par ses propres mains<\/p>\n<p>C\u2019est en soi une r\u00e9volution int\u00e9rieure, un bienvenu putsch eccl\u00e9siastique.<br \/>\nLe dirigeant du plus grand pays arabo-musulman demande aux docteurs de la foi de r\u00e9interpr\u00e9ter les textes et de sortir du carcan dans lequel la communaut\u00e9 s\u2019est mise au cours des si\u00e8cles. Il semble que les r\u00e9cipiendaires de ce discours aient \u00e9t\u00e9 choqu\u00e9s, c\u2019est un bon d\u00e9but.<\/p>\n<p>La posture victimaire que beaucoup de musulmans dans le monde adoptent, pas seulement les extr\u00e9mistes, consiste \u00e0 attribuer tous les maux aux incroyants et \u00e0 justifier ainsi la haine envers eux. C\u2019est le coup habituel de chercher le mal chez les autres quand \u00e7a ne va pas bien chez soi. La paille et la poutre.<\/p>\n<p>Ce qui est rafraichissant avec ce que dit Al-Sissi, c\u2019est qu\u2019il faut que la communaut\u00e9 musulmane s\u2019en prenne \u00e0 elle-m\u00eame, qu\u2019elle fasse le m\u00e9nage chez elle, et qu\u2019elle cesse de propager des discours \u00e9quivoques, haineux, impossibles, et destructeurs de leur propre religion.<\/p>\n<p>Beaucoup d\u2019intellectuels et de politiciens du monde occidental appellent \u00e0 ne pas faire d\u2019amalgame entre les motifs des terroristes et l\u2019islam, alors qu\u2019il est d\u00e9j\u00e0 fait dans l\u2019opinion publique, malgr\u00e9 l\u2019opinion publi\u00e9e. C\u2019est, enfin, un leader de cette communaut\u00e9 qui fait ce que l\u2019on attendait depuis longtemps, l\u2019amalgame reliant les fondements m\u00eames des interpr\u00e9tations dogmatiques des textes (il ne s\u2019en prend pas au texte, il n\u2019est pas un apostat) \u00e0 l\u2019impossibilit\u00e9 de vivre en paix avec d\u2019autres \u00eatres humains sur terre.<\/p>\n<p>S\u2019il a raison, ce que j&rsquo;esp\u00e8re, un islam mod\u00e9r\u00e9 pourrait surgir, enfin argument\u00e9 par les plus hauts experts. Il faut simplement souhaiter qu\u2019on ne l\u2019assassine pas trop vite.<\/p>\n<p><a title=\"L\u2019islam mod\u00e9r\u00e9 est-il possible ?\" href=\"http:\/\/blog.mr-int.ch\/?p=739&amp;lang=fr\">Lien \u00e0 un billet publi\u00e9 sur ce m\u00eame sujet.<\/a><\/p>\n<p>Addition du 12 janvier : un article dans la Basler Zeitung indiquant des actions allant dans la m\u00eame, et n\u00e9cessaire, direction :\u00a0http:\/\/bit.ly\/1I1Oqte<\/p>\n","protected":false},"excerpt":{"rendered":"<p>Le discours du Nouvel-an 2015 du pr\u00e9sident \u00e9gyptien Al-Sissi est une bouff\u00e9e d\u2019espoir.  Enfin un leader du monde musulman fait l&rsquo;amalgame que l&rsquo;on attendait depuis longtemps, reliant les fondements m\u00eames des interpr\u00e9tations dogmatiques des textes (il ne s\u2019en prend pas au texte, il n\u2019est pas un apostat) \u00e0 l\u2019impossibilit\u00e9 de vivre en paix avec d\u2019autres \u00eatres humains sur terre.<\/p>\n","protected":false},"author":2,"featured_media":1567,"comment_status":"open","ping_status":"closed","sticky":false,"template":"","format":"standard","meta":{"iawp_total_views":4,"footnotes":"","_links_to":"","_links_to_target":""},"categories":[12,31],"tags":[],"class_list":["post-1572","post","type-post","status-publish","format-standard","has-post-thumbnail","hentry","category-politics-fr","category-societe-fr"],"_links":{"self":[{"href":"https:\/\/blog.mr-int.ch\/index.php?rest_route=\/wp\/v2\/posts\/1572","targetHints":{"allow":["GET"]}}],"collection":[{"href":"https:\/\/blog.mr-int.ch\/index.php?rest_route=\/wp\/v2\/posts"}],"about":[{"href":"https:\/\/blog.mr-int.ch\/index.php?rest_route=\/wp\/v2\/types\/post"}],"author":[{"embeddable":true,"href":"https:\/\/blog.mr-int.ch\/index.php?rest_route=\/wp\/v2\/users\/2"}],"replies":[{"embeddable":true,"href":"https:\/\/blog.mr-int.ch\/index.php?rest_route=%2Fwp%2Fv2%2Fcomments&post=1572"}],"version-history":[{"count":0,"href":"https:\/\/blog.mr-int.ch\/index.php?rest_route=\/wp\/v2\/posts\/1572\/revisions"}],"wp:featuredmedia":[{"embeddable":true,"href":"https:\/\/blog.mr-int.ch\/index.php?rest_route=\/wp\/v2\/media\/1567"}],"wp:attachment":[{"href":"https:\/\/blog.mr-int.ch\/index.php?rest_route=%2Fwp%2Fv2%2Fmedia&parent=1572"}],"wp:term":[{"taxonomy":"category","embeddable":true,"href":"https:\/\/blog.mr-int.ch\/index.php?rest_route=%2Fwp%2Fv2%2Fcategories&post=1572"},{"taxonomy":"post_tag","embeddable":true,"href":"https:\/\/blog.mr-int.ch\/index.php?rest_route=%2Fwp%2Fv2%2Ftags&post=1572"}],"curies":[{"name":"wp","href":"https:\/\/api.w.org\/{rel}","templated":true}]}}