{"id":12901,"date":"2026-09-05T09:28:16","date_gmt":"2026-09-05T07:28:16","guid":{"rendered":"https:\/\/blog.mr-int.ch\/?p=12901"},"modified":"2026-09-05T09:28:21","modified_gmt":"2026-09-05T07:28:21","slug":"initiative-pour-une-alimentation-sure","status":"publish","type":"post","link":"https:\/\/blog.mr-int.ch\/?p=12901","title":{"rendered":"Initiative \u00ab\u00a0pour une alimentation s\u00fbre\u00a0\u00bb\u00a0"},"content":{"rendered":"\n<p class=\"wp-block-paragraph\">Les divagations d\u00e9mocratiques font que le peuple et les cantons suisses ont le privil\u00e8ge de pouvoir r\u00e9guli\u00e8rement se prononcer \u00e0 propos de questions importantes, moins importantes, et d\u00e9biles.<\/p>\n\n\n\n<p class=\"wp-block-paragraph\">Cette initiative, qui fait l\u2019objet d\u2019une votation le 17 septembre prochain, est du troisi\u00e8me genre&nbsp;; et, en partie, la r\u00e9ponse du Conseil f\u00e9d\u00e9ral aussi. Elle est cependant r\u00e9v\u00e9latrice d\u2019un \u00e9tat d\u2019esprit \u00e9colo-bobo-tortionnaire d\u00e9tach\u00e9 de la r\u00e9alit\u00e9.<\/p>\n\n\n\n<p class=\"wp-block-paragraph\">Faisons court&nbsp;: je me joins \u00e0 l\u2019unanimit\u00e9 du Parlement et \u00e0 la position du Conseil f\u00e9d\u00e9ral pour refuser cette initiative.<\/p>\n\n\n\n<p class=\"wp-block-paragraph\">Cela dit, l\u2019habitude du Conseil f\u00e9d\u00e9ral est aga\u00e7ante de saluer toute initiative comme importante et de louer ses intentions. Ensuite, l\u2019argument massue pour la refuser est qu\u2019elle va trop loin. C\u2019est toujours le cas lorsqu\u2019il est question d\u2019\u00e9cologisme ou de socialisme, comme si l\u2019on craignait d\u2019appeler chat un chat. Tout serait donc bon, sauf qu\u2019il ne faut pas aller trop loin dans leur direction. Lui viendrait-il \u00e0 l\u2019id\u00e9e que, non, justement, rien de bon ne se trouve dans ces entreprises de minage syst\u00e9mique de notre vie politique&nbsp;?<\/p>\n\n\n\n<p class=\"wp-block-paragraph\">Revenons \u00e0 l\u2019initiative&nbsp;: elle consiste \u00e0 imposer aux agriculteurs des objectifs et des modes de production diff\u00e9rents, au nom d\u2019une soi-disant protection de la biodiversit\u00e9 et de la lutte contre le r\u00e9chauffement climatique (eh non, \u00ab&nbsp;<em>respectueux pour le climat<\/em>&nbsp;\u00bb ne saurait \u00eatre une obligation constitutionnelle, le climat n\u2019a pas de personnalit\u00e9 respectable). L\u2019aspect d\u2019autarcie est soulign\u00e9, passer de 50 % \u00e0 70 % d\u2019autosuffisance, mais au vu de la liste des soutiens \u00e0 cette initiative, ce n\u2019est qu\u2019un pr\u00e9texte d\u2019\u00e9colos pas si souverainistes que \u00e7a. Les agriculteurs pourraient s\u2019en accommoder, du moins ceux qui ont cess\u00e9 d\u2019\u00eatre des entrepreneurs ind\u00e9pendants. Mais elle implique aussi une obligation pour la Conf\u00e9d\u00e9ration qui devrait prendre <em>\u00ab&nbsp;notamment des mesures destin\u00e9es \u00e0 promouvoir un mode d\u2019alimentation davantage ax\u00e9 sur les denr\u00e9es alimentaires v\u00e9g\u00e9tales&nbsp;<\/em>\u00bb. C\u2019est donc une initiative pour l\u2019\u00e9ducation du peuple, cet \u00e9ternel enfant irresponsable qui ne saurait s\u2019alimenter comme il le d\u00e9sire.<\/p>\n\n\n\n<p class=\"wp-block-paragraph\">Au-del\u00e0 des importations de l\u2019excellente viande argentine, br\u00e9silienne ou n\u00e9oz\u00e9landaise qui augmenteraient notablement, et qui sont plus co\u00fbteuses que des fourrages, il est vraisemblable que les initiants n\u2019ont pas consid\u00e9r\u00e9 un \u00e9l\u00e9ment important de bilan climatique. Les flatulences induites par la surconsommation de prot\u00e9ines v\u00e9g\u00e9tales provoqueraient un triplement des \u00e9missions de m\u00e9thane par les voies digestives. Ce gaz \u00e0 effet de serre exerce un for\u00e7age radiatif qui est 30 \u00e0 35 fois plus intense que le CO<sub>2<\/sub>. S\u2019ils savaient \u00e7a, les initiants retireraient leur initiative, et cesseraient de consommer des l\u00e9gumineuses. Car tout est s\u00e9rieux pour eux, surtout si c\u2019est anthropique, m\u00eame minime.<\/p>\n\n\n\n<p class=\"wp-block-paragraph\">Et puis il y a de la perfidie bio dans tout \u00e7a, cette mode pour riches et anxieux de l\u2019\u00eatre. Il faudrait donc que la Conf\u00e9d\u00e9ration fasse \u00ab&nbsp;<em>la promotion de plants et semences naturels et reproductibles&nbsp;<\/em>\u00bb. Si cela avait \u00e0 voir avec le sujet \u00e7a se saurait, surtout la reproductibilit\u00e9 de plants.<\/p>\n\n\n\n<p class=\"wp-block-paragraph\">Un dernier petit coup, pour la route\u00a0: l\u2019alin\u00e9a 2 nouveau de l\u2019article 74a imposerait \u00e0 la Conf\u00e9d\u00e9ration de respecter strictement \u00ab\u00a0<em>des valeurs maximales que l\u2019Office f\u00e9d\u00e9ral de l\u2019agriculture et l\u2019Office f\u00e9d\u00e9ral de l\u2019environnement ont d\u00e9finies en 2008 pour le phosphore et les compos\u00e9s azot\u00e9s\u00a0<\/em>\u2026\u00a0\u00bb. La Constitution introniserait ainsi les \u00e9dits de ces Offices en valeur intangible. Il est incompr\u00e9hensible que la Chancellerie f\u00e9d\u00e9rale ait valid\u00e9 un tel texte\u00a0; heureusement qu\u2019il sera rejet\u00e9\u00a0!<\/p>\n\n\n\n<p class=\"wp-block-paragraph\">(Entre guillemets et en italique : des \u00e9l\u00e9ments du texte m\u00eame qui est soumis au vote)<\/p>\n","protected":false},"excerpt":{"rendered":"<p>Les divagations d\u00e9mocratiques font que le peuple et les cantons suisses ont le privil\u00e8ge de pouvoir r\u00e9guli\u00e8rement se prononcer \u00e0 propos de questions importantes, moins importantes, et d\u00e9biles.<br \/>\nCette initiative, qui fait l\u2019objet d\u2019une votation le 17 septembre prochain, est du troisi\u00e8me genre\u00a0; et, en partie, la r\u00e9ponse du Conseil f\u00e9d\u00e9ral aussi.<br \/>\nElle est cependant r\u00e9v\u00e9latrice d\u2019un \u00e9tat d\u2019esprit \u00e9colo-bobo-tortionnaire d\u00e9tach\u00e9 de la r\u00e9alit\u00e9.<\/p>\n","protected":false},"author":2,"featured_media":12900,"comment_status":"open","ping_status":"open","sticky":false,"template":"","format":"standard","meta":{"iawp_total_views":50,"footnotes":"","_links_to":"","_links_to_target":""},"categories":[12],"tags":[307,387],"class_list":["post-12901","post","type-post","status-publish","format-standard","has-post-thumbnail","hentry","category-politics-fr","tag-agriculture","tag-initiative"],"_links":{"self":[{"href":"https:\/\/blog.mr-int.ch\/index.php?rest_route=\/wp\/v2\/posts\/12901","targetHints":{"allow":["GET"]}}],"collection":[{"href":"https:\/\/blog.mr-int.ch\/index.php?rest_route=\/wp\/v2\/posts"}],"about":[{"href":"https:\/\/blog.mr-int.ch\/index.php?rest_route=\/wp\/v2\/types\/post"}],"author":[{"embeddable":true,"href":"https:\/\/blog.mr-int.ch\/index.php?rest_route=\/wp\/v2\/users\/2"}],"replies":[{"embeddable":true,"href":"https:\/\/blog.mr-int.ch\/index.php?rest_route=%2Fwp%2Fv2%2Fcomments&post=12901"}],"version-history":[{"count":4,"href":"https:\/\/blog.mr-int.ch\/index.php?rest_route=\/wp\/v2\/posts\/12901\/revisions"}],"predecessor-version":[{"id":12905,"href":"https:\/\/blog.mr-int.ch\/index.php?rest_route=\/wp\/v2\/posts\/12901\/revisions\/12905"}],"wp:featuredmedia":[{"embeddable":true,"href":"https:\/\/blog.mr-int.ch\/index.php?rest_route=\/wp\/v2\/media\/12900"}],"wp:attachment":[{"href":"https:\/\/blog.mr-int.ch\/index.php?rest_route=%2Fwp%2Fv2%2Fmedia&parent=12901"}],"wp:term":[{"taxonomy":"category","embeddable":true,"href":"https:\/\/blog.mr-int.ch\/index.php?rest_route=%2Fwp%2Fv2%2Fcategories&post=12901"},{"taxonomy":"post_tag","embeddable":true,"href":"https:\/\/blog.mr-int.ch\/index.php?rest_route=%2Fwp%2Fv2%2Ftags&post=12901"}],"curies":[{"name":"wp","href":"https:\/\/api.w.org\/{rel}","templated":true}]}}