{"id":12785,"date":"2026-09-01T11:36:56","date_gmt":"2026-09-01T09:36:56","guid":{"rendered":"https:\/\/blog.mr-int.ch\/?p=12785"},"modified":"2026-09-01T11:40:35","modified_gmt":"2026-09-01T09:40:35","slug":"sensibilite-du-climat-au-co%e2%82%82-une-correction","status":"publish","type":"post","link":"https:\/\/blog.mr-int.ch\/?p=12785","title":{"rendered":"Sensibilit\u00e9 du climat au CO\u2082\u00a0: une correction"},"content":{"rendered":"\n<p class=\"wp-block-paragraph\">La th\u00e8se du r\u00e9chauffement climatique d&rsquo;origine humaine consiste \u00e0 attribuer l&rsquo;augmentation actuelle de la temp\u00e9rature de l&rsquo;air \u00e0 la surface de la Terre aux \u00e9missions de gaz \u00e0 effet de serre (GES) dans l&rsquo;atmosph\u00e8re. Ces \u00e9missions sont avant tout li\u00e9es \u00e0 la consommation de carburants d\u2019origine fossile. Bien que cette th\u00e8se repose sur des principes physiques solides et sur les donn\u00e9es d&rsquo;observation de ces \u00e9missions, l&rsquo;estimation actuelle de la sensibilit\u00e9 de la temp\u00e9rature \u00e0 la concentration en GES (sensibilit\u00e9 climatique \u00e0 l&rsquo;\u00e9quilibre, ECS) reste comprise dans une vaste fourchette, allant de 2 \u00e0 5 \u00b0C dans l&rsquo;hypoth\u00e8se d&rsquo;un doublement de la concentration (1).<\/p>\n\n\n\n<p class=\"wp-block-paragraph\">Dans un article pr\u00e9c\u00e9dent (2), un mod\u00e8le utilis\u00e9 pour estimer ECS \u00e9tait entach\u00e9 d\u2019une erreur qui produisait un r\u00e9sultat qui sous-estimait fortement cette sensibilit\u00e9. Le papier pr\u00e9sent\u00e9 ici corrige cette erreur. Cependant il souligne l\u2019incoh\u00e9rence physique de la formule qui est g\u00e9n\u00e9ralement utilis\u00e9e pour effectuer le calcul d\u2019un simple syst\u00e8me tenant compte du bilan d\u2019\u00e9nergie autour de notre plan\u00e8te et des r\u00e9troactions au for\u00e7age radiatif induit par les gaz \u00e0 effet de serre qui s\u2019accumulent dans l\u2019atmosph\u00e8re. \u00a0\u00a0<\/p>\n\n\n\n<p class=\"wp-block-paragraph\">Pour simplifier ce propos il suffit de s\u2019\u00e9tonner de cette formule, indiqu\u00e9e \u00e0 la page 993 du dernier rapport du GIEC\u00a0:<\/p>\n\n\n\n<figure class=\"wp-block-image size-large\"><img loading=\"lazy\" decoding=\"async\" width=\"700\" height=\"40\" src=\"https:\/\/blog.mr-int.ch\/wp-content\/uploads\/2026\/08\/ECS_IPCC_ligne-700x40.png\" alt=\"ECS\" class=\"wp-image-12788\" srcset=\"https:\/\/blog.mr-int.ch\/wp-content\/uploads\/2026\/08\/ECS_IPCC_ligne-700x40.png 700w, https:\/\/blog.mr-int.ch\/wp-content\/uploads\/2026\/08\/ECS_IPCC_ligne-368x21.png 368w, https:\/\/blog.mr-int.ch\/wp-content\/uploads\/2026\/08\/ECS_IPCC_ligne-256x15.png 256w, https:\/\/blog.mr-int.ch\/wp-content\/uploads\/2026\/08\/ECS_IPCC_ligne.png 768w\" sizes=\"auto, (max-width: 709px) 85vw, (max-width: 909px) 67vw, (max-width: 984px) 61vw, (max-width: 1362px) 45vw, 600px\" \/><figcaption class=\"wp-element-caption\">\u0394T est le changement de temp\u00e9rature [K ou \u00b0C], FGHG est le for\u00e7age primaire induit par les gaz \u00e0 effet de serre [W m\u20112], et \u03b1 et le facteur r\u00e9troaction [K W-1 m2] (souvent aussi d\u00e9nomm\u00e9 \u03bb).<br>ECS correspond \u00e0 la valeur obtenue si la concentration du CO2\u00a0doublait, ce qu\u2019elle n\u2019a fait qu\u2019\u00e0 moiti\u00e9 depuis le d\u00e9but de l\u2019\u00e8re industrielle, passant de 280 \u00e0 423 ppm.<\/figcaption><\/figure>\n\n\n\n<p class=\"wp-block-paragraph\">Cette \u00e9quation signifie donc que, en l\u2019absence de r\u00e9troaction ou si celle-ci \u00e9tait tr\u00e8s faible, le climat r\u00e9pondrait de mani\u00e8re hypersensible \u00e0 n\u2019importe quel for\u00e7age, passant par l\u2019infini si \u03b1=0, ce qui n\u2019a aucun sens physique. En \u00e9valuant ECS selon la m\u00e9thode habituelle des ing\u00e9nieurs de syst\u00e8mes, comme le repr\u00e9sente le sch\u00e9ma montr\u00e9 en t\u00eate de cet article, la valeur de ECS ne deviendrait critique que pour des r\u00e9troactions tr\u00e8s positives, ce qui n\u2019est pas et n\u2019a jamais \u00e9t\u00e9 le cas.<\/p>\n\n\n\n<p class=\"wp-block-paragraph\">D\u00e9tail technique me dira-t-on, du ratiocinage puisque les valeurs ainsi estim\u00e9es sont du m\u00eame ordre de grandeur. C\u2019est oublier la vaste fourchette de l\u2019estimation de ECS par tous les mod\u00e9listes du climat. Cette science n\u2019est pas exacte, m\u00eame si elle d\u00e9crit tous les ph\u00e9nom\u00e8nes. Quantifier le r\u00f4le ind\u00e9niable que jouent les gaz \u00e0 effet de serre reste un d\u00e9fi non encore r\u00e9solu. Combin\u00e9es \u00e0 des sc\u00e9narios extr\u00eames, toutes les projections d\u2019avenir sont possibles, m\u00eame les plus invraisemblables qui nourrissent l\u2019\u00e9co-anxi\u00e9t\u00e9 ambiante.<\/p>\n\n\n\n<p class=\"wp-block-paragraph\">La simple perspective math\u00e9matiquement hyperbolique a tendance \u00e0 s\u2019imposer aussi en hyperbole du langage utilis\u00e9 par les alarmistes qui y voient l\u2019av\u00e8nement proche d\u2019un point de non-retour (<em>tipping point<\/em>). L\u2019hyst\u00e9rie m\u00e9diatique qui a accompagn\u00e9 les \u00e9pisodes caniculaires en Europe occidentale cette ann\u00e9e en est une manifestation.<\/p>\n\n\n\n<p class=\"wp-block-paragraph\">Dans le syst\u00e8me solaire, l\u2019histoire pal\u00e9ontologique de notre plan\u00e8te nous enseigne qu\u2019elle jouit pourtant d\u2019une grande capacit\u00e9 d\u2019hom\u00e9ostasie. Nous ne serions pas l\u00e0 pour en discuter si ce n\u2019\u00e9tait pas le cas.<\/p>\n\n\n\n<hr class=\"wp-block-separator has-alpha-channel-opacity is-style-dots\"\/>\n\n\n\n\t\t<div class=\"wppdfemb-frame-container-1\" style=\"-webkit-overflow-scrolling:auto;\">\n\t\t\t<iframe class=\"pdfembed-iframe nonfullscreen wppdf-emb-iframe-1\"\n\t\t\t\tsrc=\"https:\/\/blog.mr-int.ch\/?pdfemb-data=eyJwZGZJRCI6MTI3OTMsInRpdGxlIjoiRUNTX3dpdGhfRmVlZGJhY2tzX01SIiwiaW5kZXgiOjEsInBkZmVtYi1zZXJ2ZXVybCI6Imh0dHBzJTNBJTJGJTJGYmxvZy5tci1pbnQuY2glMkZ3cC1jb250ZW50JTJGdXBsb2FkcyUyRnNlY3VyZXBkZnMlMkYyMDI2JTJGMDklMkZFQ1Nfd2l0aF9GZWVkYmFja3NfTVIucGRmIiwid21fdGV4dCI6IiJ9\"\n\t\t\t\ttitle=\"ECS_with_Feedbacks_MR\"\t\t\t\tdata-pdf-id=\"12793\"\n\t\t\t\tdata-pdf-index=\"1\"\n\t\t\t\tstyle=\"border:none;width:100%;max-width:768px;height:1087px;\"\n\t\t\t\tscrolling=\"yes\">\n\t\t\t<\/iframe>\n\t\t<\/div>\n\n\t\t\n\n\n<p class=\"wp-block-paragraph\">Un tableur Excel contenant les calculs relatifs aux donn\u00e9es pr\u00e9sent\u00e9es peut \u00eatre <span style=\"text-decoration: underline;\"><a href=\"https:\/\/blog.mr-int.ch\/wp-content\/uploads\/2026\/09\/ECS-estimate.xlsx\"><strong>t\u00e9l\u00e9charg\u00e9 ici<\/strong><\/a><\/span>.<\/p>\n\n\n\n<p class=\"wp-block-paragraph\">R\u00e9f\u00e9rences : <\/p>\n\n\n\n<p class=\"wp-block-paragraph\">1. &nbsp;&nbsp;&nbsp;&nbsp; Intergovernmental Panel on Climate Change (IPCC). Climate Change 2021 \u2013 The Physical Science Basis [Internet]. Cambridge University Press; 2023. Available from: https:\/\/www.cambridge.org\/core\/product\/identifier\/9781009157896\/type\/book<\/p>\n\n\n\n<p class=\"wp-block-paragraph\">2. &nbsp;&nbsp;&nbsp;&nbsp; Rougemont M de. Equilibrium Climate Sensitivity. An estimate based on a simple radiative forcing and feedback system. 2016;1\u20138.<br>Available from: http:\/\/bit.ly\/2xG50Tn<\/p>\n\n\n\n<p class=\"wp-block-paragraph\"><\/p>\n","protected":false},"excerpt":{"rendered":"<p>R\u00e9vision d&rsquo;une estimation pr\u00e9c\u00e9dente de la sensibilit\u00e9 du climat \u00e0 la concentration atmosph\u00e9rique de CO\u2082. Elle se situe d\u00e9sormais au bas de la vaste fourchette de 2 \u00e0 5 \u00b0C retenue par le GIEC. N\u00e9anmoins, la formule utilis\u00e9e dans les rapports du GIEC manque de coh\u00e9rence physique.<\/p>\n","protected":false},"author":2,"featured_media":12797,"comment_status":"open","ping_status":"open","sticky":false,"template":"","format":"standard","meta":{"iawp_total_views":115,"footnotes":"","_links_to":"","_links_to_target":""},"categories":[8],"tags":[],"class_list":["post-12785","post","type-post","status-publish","format-standard","has-post-thumbnail","hentry","category-categories-fr"],"_links":{"self":[{"href":"https:\/\/blog.mr-int.ch\/index.php?rest_route=\/wp\/v2\/posts\/12785","targetHints":{"allow":["GET"]}}],"collection":[{"href":"https:\/\/blog.mr-int.ch\/index.php?rest_route=\/wp\/v2\/posts"}],"about":[{"href":"https:\/\/blog.mr-int.ch\/index.php?rest_route=\/wp\/v2\/types\/post"}],"author":[{"embeddable":true,"href":"https:\/\/blog.mr-int.ch\/index.php?rest_route=\/wp\/v2\/users\/2"}],"replies":[{"embeddable":true,"href":"https:\/\/blog.mr-int.ch\/index.php?rest_route=%2Fwp%2Fv2%2Fcomments&post=12785"}],"version-history":[{"count":17,"href":"https:\/\/blog.mr-int.ch\/index.php?rest_route=\/wp\/v2\/posts\/12785\/revisions"}],"predecessor-version":[{"id":12808,"href":"https:\/\/blog.mr-int.ch\/index.php?rest_route=\/wp\/v2\/posts\/12785\/revisions\/12808"}],"wp:featuredmedia":[{"embeddable":true,"href":"https:\/\/blog.mr-int.ch\/index.php?rest_route=\/wp\/v2\/media\/12797"}],"wp:attachment":[{"href":"https:\/\/blog.mr-int.ch\/index.php?rest_route=%2Fwp%2Fv2%2Fmedia&parent=12785"}],"wp:term":[{"taxonomy":"category","embeddable":true,"href":"https:\/\/blog.mr-int.ch\/index.php?rest_route=%2Fwp%2Fv2%2Fcategories&post=12785"},{"taxonomy":"post_tag","embeddable":true,"href":"https:\/\/blog.mr-int.ch\/index.php?rest_route=%2Fwp%2Fv2%2Ftags&post=12785"}],"curies":[{"name":"wp","href":"https:\/\/api.w.org\/{rel}","templated":true}]}}