{"id":11855,"date":"2025-05-15T19:14:35","date_gmt":"2025-05-15T17:14:35","guid":{"rendered":"https:\/\/blog.mr-int.ch\/?p=11855"},"modified":"2025-05-15T19:14:37","modified_gmt":"2025-05-15T17:14:37","slug":"les-prix-de-lelectricite-en-suisse-flambent-pour-rien","status":"publish","type":"post","link":"https:\/\/blog.mr-int.ch\/?p=11855","title":{"rendered":"Les prix de l\u2019\u00e9lectricit\u00e9 en Suisse flambent pour rien"},"content":{"rendered":"\n<p class=\"wp-block-paragraph\">Les prix de l&rsquo;\u00e9lectricit\u00e9 en Suisse augmentent continuellement, alors que sa production n&rsquo;a pratiquement pas chang\u00e9. Les principales raisons en sont les prix \u00e9lev\u00e9s sur le march\u00e9 spot au mauvais moment, les taxes destin\u00e9es \u00e0 subventionner des installations renouvelables, les co\u00fbts trop \u00e9lev\u00e9s de ces derni\u00e8res et la fermeture de centrales nucl\u00e9aires \u00e0 M\u00fchleberg, en Allemagne et en France. Cela entra\u00eene une augmentation des importations, particuli\u00e8rement co\u00fbteuses en hiver. Bien qu&rsquo;ils soient des entit\u00e9s en mains publiques, les fournisseurs d&rsquo;\u00e9lectricit\u00e9 pr\u00e9f\u00e8rent se consacrer au trading plut\u00f4t qu&rsquo;\u00e0 leur mission premi\u00e8re, qui est de garantir un approvisionnement stable, s\u00fbr et abordable. <br>Il faut renverser cette tendance d\u00e9sastreuse. Qui en assumera la responsabilit\u00e9 ?<\/p>\n\n\n\n<hr class=\"wp-block-separator has-alpha-channel-opacity is-style-dots\"\/>\n\n\n\n\t\t<div class=\"wppdfemb-frame-container-1\" style=\"-webkit-overflow-scrolling:auto;\">\n\t\t\t<iframe class=\"pdfembed-iframe nonfullscreen wppdf-emb-iframe-1\"\n\t\t\t\tsrc=\"https:\/\/blog.mr-int.ch\/?pdfemb-data=eyJwZGZJRCI6MTE4NTcsInRpdGxlIjoicHJpeC1lbGVjdHJpY2l0ZSIsImluZGV4IjoxLCJwZGZlbWItc2VydmV1cmwiOiJodHRwcyUzQSUyRiUyRmJsb2cubXItaW50LmNoJTJGd3AtY29udGVudCUyRnVwbG9hZHMlMkZzZWN1cmVwZGZzJTJGMjAyNSUyRjA1JTJGcHJpeC1lbGVjdHJpY2l0ZS5wZGYiLCJ3bV90ZXh0IjoiIn0\"\n\t\t\t\ttitle=\"prix-electricite\"\t\t\t\tdata-pdf-id=\"11857\"\n\t\t\t\tdata-pdf-index=\"1\"\n\t\t\t\tstyle=\"border:none;width:100%;max-width:768px;height:1087px;\"\n\t\t\t\tscrolling=\"yes\">\n\t\t\t<\/iframe>\n\t\t<\/div>\n\n\t\t","protected":false},"excerpt":{"rendered":"<p>Les prix de l&rsquo;\u00e9lectricit\u00e9 en Suisse augmentent continuellement, alors que sa production n&rsquo;a pratiquement pas chang\u00e9. Les principales raisons en sont les prix \u00e9lev\u00e9s sur le march\u00e9 spot au mauvais moment, les taxes destin\u00e9es \u00e0 subventionner des installations renouvelables, les co\u00fbts trop \u00e9lev\u00e9s de ces derni\u00e8res et la fermeture de centrales nucl\u00e9aires \u00e0 M\u00fchleberg, en &hellip; <a href=\"https:\/\/blog.mr-int.ch\/?p=11855\" class=\"more-link\">Continue reading<span class=\"screen-reader-text\"> \u00ab\u00a0Les prix de l\u2019\u00e9lectricit\u00e9 en Suisse flambent pour rien\u00a0\u00bb<\/span><\/a><\/p>\n","protected":false},"author":2,"featured_media":11859,"comment_status":"open","ping_status":"open","sticky":false,"template":"","format":"standard","meta":{"iawp_total_views":11,"footnotes":"","_links_to":"","_links_to_target":""},"categories":[11,40,12],"tags":[768,792],"class_list":["post-11855","post","type-post","status-publish","format-standard","has-post-thumbnail","hentry","category-economy-fr","category-environnement","category-politics-fr","tag-courant-electrique","tag-prix"],"_links":{"self":[{"href":"https:\/\/blog.mr-int.ch\/index.php?rest_route=\/wp\/v2\/posts\/11855","targetHints":{"allow":["GET"]}}],"collection":[{"href":"https:\/\/blog.mr-int.ch\/index.php?rest_route=\/wp\/v2\/posts"}],"about":[{"href":"https:\/\/blog.mr-int.ch\/index.php?rest_route=\/wp\/v2\/types\/post"}],"author":[{"embeddable":true,"href":"https:\/\/blog.mr-int.ch\/index.php?rest_route=\/wp\/v2\/users\/2"}],"replies":[{"embeddable":true,"href":"https:\/\/blog.mr-int.ch\/index.php?rest_route=%2Fwp%2Fv2%2Fcomments&post=11855"}],"version-history":[{"count":0,"href":"https:\/\/blog.mr-int.ch\/index.php?rest_route=\/wp\/v2\/posts\/11855\/revisions"}],"wp:featuredmedia":[{"embeddable":true,"href":"https:\/\/blog.mr-int.ch\/index.php?rest_route=\/wp\/v2\/media\/11859"}],"wp:attachment":[{"href":"https:\/\/blog.mr-int.ch\/index.php?rest_route=%2Fwp%2Fv2%2Fmedia&parent=11855"}],"wp:term":[{"taxonomy":"category","embeddable":true,"href":"https:\/\/blog.mr-int.ch\/index.php?rest_route=%2Fwp%2Fv2%2Fcategories&post=11855"},{"taxonomy":"post_tag","embeddable":true,"href":"https:\/\/blog.mr-int.ch\/index.php?rest_route=%2Fwp%2Fv2%2Ftags&post=11855"}],"curies":[{"name":"wp","href":"https:\/\/api.w.org\/{rel}","templated":true}]}}