{"id":11845,"date":"2025-04-05T11:09:50","date_gmt":"2025-04-05T09:09:50","guid":{"rendered":"https:\/\/blog.mr-int.ch\/?p=11845"},"modified":"2025-04-05T11:09:52","modified_gmt":"2025-04-05T09:09:52","slug":"le-negationnisme-climatique-change-de-camp","status":"publish","type":"post","link":"https:\/\/blog.mr-int.ch\/?p=11845","title":{"rendered":"Le n\u00e9gationnisme climatique change de camp"},"content":{"rendered":"\n<p>Qui met en question l\u2019alarmisme climatique et sa doctrine anthropog\u00e9nique se fait traiter ipso facto de n\u00e9gationniste. Peu importe les nuances, le moindre faux pas fait de vous un horrible criminel car la r\u00e9f\u00e9rence au d\u00e9ni des exactions du r\u00e9gime nazi est \u00e9vidente&nbsp;; c\u2019est pour avilir que ce terme est utilis\u00e9 \u00e0 l\u2019endroit de ceux qui ne s\u2019alignent pas sur la doxa climatiste.<\/p>\n\n\n\n<p>Pourtant, qui sont ceux qui nient la science en \u00e9vitant d\u2019en souligner les lacunes et les incertitudes&nbsp;? Si Greta Thunberg pouvait ne rien conna\u00eetre de la climatologie, et donc dire des b\u00eatises, les gardiens du Temple ont si bien \u00e9tabli leurs boutiques qu\u2019il leur faut emp\u00eacher d\u2019investiguer ce qui pourrait porter atteinte \u00e0 leurs convictions&nbsp;; sinon, leur \u00e9difice s\u2019effondrerait. Et si vous posez des questions&nbsp;? eh bien cela devient un d\u00e9lit d\u2019opinion.<\/p>\n\n\n\n<p>Alors que le premier groupe de travail du GIEC<a href=\"#_ftn1\" id=\"_ftnref1\">[1]<\/a> pr\u00e9sente l\u2019\u00e9tat de la science climatique de la mani\u00e8re la plus large possible, les deux autres<a href=\"#_ftn2\" id=\"_ftnref2\">[2]<\/a> op\u00e8rent un travail s\u00e9lectif de conjectures et de sp\u00e9culations dont le but est de fonder et justifier des politiques. Il n\u2019y a rien de scientifique dans ces \u00e9tudes remplies de sophismes, en particulier lorsqu\u2019il s\u2019agit de pr\u00e9f\u00e9rer les plus ruineuses mesures d\u2019att\u00e9nuation (le but de net z\u00e9ro carbone) \u00e0 l\u2019adaptation au changement qui se produira tout de m\u00eame. La contrainte y est aussi pr\u00f4n\u00e9e par le biais d\u2019un budget carbone impos\u00e9 et arbitraire.<\/p>\n\n\n\n<p>La science offre du grain \u00e0 moudre \u00e0 des trafiquants pour m\u00e9suser des mod\u00e8les complexes afin de simuler l\u2019\u00e9volution du climat selon diverses hypoth\u00e8ses et sc\u00e9narii. Qu\u2019en font-ils&nbsp;? Ils en \u00e9vitent sciemment les limites et les incertitudes scientifiques, car celles-ci rendent les mod\u00e8les impropres \u00e0 l\u2019extrapolation. Par exemple, alors que les vitesses de r\u00e9chauffement calcul\u00e9es sont vastement exag\u00e9r\u00e9es, cette trop haute sensibilit\u00e9 aux \u00e9missions de gaz \u00e0 effet de serre sera coupl\u00e9e \u00e0 des scenarii irr\u00e9alistes<a href=\"#_ftn3\" id=\"_ftnref3\">[3]<\/a> pour d\u00e9crire un futur insoutenable. Dites-moi le r\u00e9sultat d\u00e9sir\u00e9 je vous en concocterai une \u00e9tude(sic) solide.<\/p>\n\n\n\n<p>Autre exemple\u00a0: attribuer un \u00e9v\u00e9nement m\u00e9t\u00e9orologique singulier au\u00a0changement climatique est devenu monnaie courante alors que c\u2019est une impossibilit\u00e9 dans l\u2019\u00e9tat actuel de la science. D\u2019une part, le climat n\u2019est pas une cause mais une r\u00e9sultante \u00e0 tr\u00e8s long terme de toutes sortes de facteurs, dont les activit\u00e9s humaines font bien s\u00fbr partie. Et d\u2019autre part, comme le syst\u00e8me est chaotique et de tr\u00e8s haute variabilit\u00e9, un \u00e9v\u00e9nement peut ou non se produire sans qu\u2019il soit possible de l\u2019attribuer \u00e0 une seule des multiples perturbations<a href=\"#_ftn4\" id=\"_ftnref4\">[4]<\/a> entrant en jeu. Malgr\u00e9 cet \u00e9tat de fait bien connu des climatologues, les Diafoirus de service le nient ou l\u2019ignorent sciemment pour, \u00e0 chaque \u00e9v\u00e9nement, sugg\u00e9rer doctement une relation de cause \u00e0 effet entre changement climatique anthropog\u00e8ne et malheur v\u00e9cu. Ce n\u00e9gationnisme antiscientifique est devenu doxa officielle, mensonge r\u00e9p\u00e9t\u00e9 \u00e0 l\u2019envi tant par le pr\u00e9sentateur de la m\u00e9t\u00e9o \u00e0 la t\u00e9l\u00e9 (renvoy\u00e9 s\u2019il ne se laisse pas corrompre) que par le secr\u00e9taire de l\u2019Organisation des Nations Unies qui n\u2019a vraisemblablement rien d\u2019autre \u00e0 faire.<\/p>\n\n\n\n<p>On peut se moquer des quelques platistes qui feraient le tour du monde pour clamer que la Terre n\u2019est pas ronde, mais on ne peut ignorer les mauvaises intentions de la part de politiciens et d\u2019intellectuels menteurs et irresponsables \u00e0 propos de l\u2019alarmisme climatique. Agr\u00e9ment\u00e9s de leurs postures moralisantes, ce n\u2019est pas \u00e0 la hauteur des d\u00e9fis qui nous sont pos\u00e9s.<\/p>\n\n\n\n<p>Une version moins pol\u00e9mique de cet article a \u00e9t\u00e9 publi\u00e9e sur les site de l&rsquo;<a href=\"https:\/\/fr.irefeurope.org\/publications\/les-pendules-a-lheure\/article\/quel-negationnisme-climatique\/\">I<\/a><a href=\"https:\/\/fr.irefeurope.org\/publications\/les-pendules-a-lheure\/article\/quel-negationnisme-climatique\/\" target=\"_blank\" rel=\"noreferrer noopener\">REF\u00a0\u2013Institut de Recherches \u00c9conomiques et Fiscales<\/a> et sa traduction allemande sur le <a href=\"https:\/\/www.c-c-netzwerk.ch\/?p=16837\" data-type=\"link\" data-id=\"https:\/\/www.c-c-netzwerk.ch\/?p=16837\" target=\"_blank\" rel=\"noreferrer noopener\">site de Carnot-Cournot-Netzwerk<\/a>.<\/p>\n\n\n\n<hr class=\"wp-block-separator has-alpha-channel-opacity\"\/>\n\n\n\n<p><a href=\"#_ftnref1\" id=\"_ftn1\">[1]<\/a> &nbsp;&nbsp;&nbsp; Groupe d&rsquo;experts intergouvernemental sur l\u2019\u00e9volution du climat ou GIEC (en anglais Intergovernmental panel on climate change ou IPCC) charg\u00e9 d&rsquo;\u00e9valuer l&rsquo;ampleur, les causes et les cons\u00e9quences du changement climatique en cours.<\/p>\n\n\n\n<p><a href=\"#_ftnref2\" id=\"_ftn2\">[2]<\/a> &nbsp;&nbsp;&nbsp; WG II d\u00e9di\u00e9 aux impacts, \u00e0 l\u2019adaptation et \u00e0 la vuln\u00e9rabilit\u00e9, et WG III aux mesures d\u2019att\u00e9nuation.<\/p>\n\n\n\n<p><a href=\"#_ftnref3\" id=\"_ftn3\">[3]<\/a> \u00a0\u00a0\u00a0 Le fameux <em>pathway<\/em> SSP5-8.5 qui est syst\u00e9matiquement pr\u00e9sent\u00e9 comme le\u00a0courant normal, \u00ab <em>business as usual<\/em>\u00a0\u00bb si rien n\u2019\u00e9tait entrepris, ce qui est un mensonge. Il suppose un triplement des \u00e9missions en 2075, totalement irr\u00e9aliste, mais qui permet de produire des diagrammes magnifiquement alarmants, avec un r\u00e9chauffement moyen de 3.3 \u00e0 5.7 \u00b0C vers la fin du si\u00e8cle.<\/p>\n\n\n\n<p><a href=\"#_ftnref4\" id=\"_ftn4\">[4]<\/a> \u00a0\u00a0\u00a0 Voir \u00e0 ce sujet un r\u00e9cent article paru dans <em>Nature <\/em>qui montre que les pr\u00e9cipitations dans le bassin m\u00e9diterran\u00e9en ont une haute variabilit\u00e9 dans le temps et l\u2019espace et que des \u00e9pisodes de s\u00e9cheresse ou d\u2019inondation ne suivent pas de tendance \u00e0 long terme. <a href=\"https:\/\/doi.org\/10.1038\/s41586-024-08576-6\" target=\"_blank\" rel=\"noreferrer noopener\">https:\/\/doi.org\/10.1038\/s41586-024-08576-6<\/a> \u00a0<\/p>\n","protected":false},"excerpt":{"rendered":"<p>Qui met en question l\u2019alarmisme climatique et sa doctrine anthropog\u00e9nique se fait traiter ipso facto de n\u00e9gationniste. Peu importe les nuances, le moindre faux pas fait de vous un horrible criminel car la r\u00e9f\u00e9rence au d\u00e9ni des exactions du r\u00e9gime nazi est \u00e9vidente&nbsp;; c\u2019est pour avilir que ce terme est utilis\u00e9 \u00e0 l\u2019endroit de ceux &hellip; <a href=\"https:\/\/blog.mr-int.ch\/?p=11845\" class=\"more-link\">Continue reading<span class=\"screen-reader-text\"> \u00ab\u00a0Le n\u00e9gationnisme climatique change de camp\u00a0\u00bb<\/span><\/a><\/p>\n","protected":false},"author":2,"featured_media":11843,"comment_status":"open","ping_status":"open","sticky":false,"template":"","format":"standard","meta":{"iawp_total_views":16,"footnotes":"","_links_to":"","_links_to_target":""},"categories":[38,12],"tags":[365,791],"class_list":["post-11845","post","type-post","status-publish","format-standard","has-post-thumbnail","hentry","category-climat","category-politics-fr","tag-alarmisme-climatique","tag-negationnisme"],"_links":{"self":[{"href":"https:\/\/blog.mr-int.ch\/index.php?rest_route=\/wp\/v2\/posts\/11845","targetHints":{"allow":["GET"]}}],"collection":[{"href":"https:\/\/blog.mr-int.ch\/index.php?rest_route=\/wp\/v2\/posts"}],"about":[{"href":"https:\/\/blog.mr-int.ch\/index.php?rest_route=\/wp\/v2\/types\/post"}],"author":[{"embeddable":true,"href":"https:\/\/blog.mr-int.ch\/index.php?rest_route=\/wp\/v2\/users\/2"}],"replies":[{"embeddable":true,"href":"https:\/\/blog.mr-int.ch\/index.php?rest_route=%2Fwp%2Fv2%2Fcomments&post=11845"}],"version-history":[{"count":0,"href":"https:\/\/blog.mr-int.ch\/index.php?rest_route=\/wp\/v2\/posts\/11845\/revisions"}],"wp:featuredmedia":[{"embeddable":true,"href":"https:\/\/blog.mr-int.ch\/index.php?rest_route=\/wp\/v2\/media\/11843"}],"wp:attachment":[{"href":"https:\/\/blog.mr-int.ch\/index.php?rest_route=%2Fwp%2Fv2%2Fmedia&parent=11845"}],"wp:term":[{"taxonomy":"category","embeddable":true,"href":"https:\/\/blog.mr-int.ch\/index.php?rest_route=%2Fwp%2Fv2%2Fcategories&post=11845"},{"taxonomy":"post_tag","embeddable":true,"href":"https:\/\/blog.mr-int.ch\/index.php?rest_route=%2Fwp%2Fv2%2Ftags&post=11845"}],"curies":[{"name":"wp","href":"https:\/\/api.w.org\/{rel}","templated":true}]}}