{"id":11648,"date":"2024-10-26T11:33:00","date_gmt":"2024-10-26T09:33:00","guid":{"rendered":"https:\/\/blog.mr-int.ch\/?p=11648"},"modified":"2024-10-26T11:33:02","modified_gmt":"2024-10-26T09:33:02","slug":"limposture-ecologiste-debusquee-une-fois-de-plus","status":"publish","type":"post","link":"https:\/\/blog.mr-int.ch\/?p=11648","title":{"rendered":"L\u2019imposture \u00e9cologiste d\u00e9busqu\u00e9e une fois de plus"},"content":{"rendered":"\n<p>Jean de Kervasdou\u00e9 est un excellent connaisseur des controverses entourant l\u2019environnement et la sant\u00e9, comme son impressionnante bibliographie et ses diverses chroniques dans Le Point l\u2019attestent. Il vient de redoubler ses critiques \u00e0 l\u2019\u00e9gard de l\u2019\u00e9cologie politique telle qu\u2019elle se d\u00e9cline en France et en Europe dans un ouvrage qui vient de para\u00eetre<a href=\"#_ftn1\" id=\"_ftnref1\">[1]<\/a>. Ceux qui partagent ses points de vue appr\u00e9cieront cet \u00e9tat des lieux et s\u2019en d\u00e9sesp\u00e9reront, les autres feraient bien d\u2019en tirer une le\u00e7on utile.<\/p>\n\n\n\n<p>C\u2019est une histoire de l\u2019\u00e9cophobie (\u03bf\u03b9\u03ba\u03bf\u03c6\u03bf\u03b2\u03af\u03b1) qui nous est racont\u00e9e, cette haine de son chez soi, du lieu que l\u2019on habite et o\u00f9 l\u2019on d\u00e9roule ses activit\u00e9s. Tous coupables&nbsp;! nous avons en effet un impact d\u00e9l\u00e9t\u00e8re sur la nature qui nous entoure, ou plut\u00f4t le jardin que nous avons am\u00e9nag\u00e9 au cours des mill\u00e9naires. Le probl\u00e8me est qu\u2019\u00e0 force d\u2019en m\u00e9conna\u00eetre les enjeux, souvent avec la fiert\u00e9 crasse de ne rien en vouloir savoir, notre soci\u00e9t\u00e9 moderne s\u2019est mise \u00e0 gober mythes apr\u00e8s mythes, au point de les adopter comme v\u00e9rit\u00e9s immuables&nbsp;: les pollutions sont g\u00e9n\u00e9ralis\u00e9es, les aliments toxiques, les \u00e9cosyst\u00e8mes d\u00e9vast\u00e9s et nous chauffons une atmosph\u00e8re en passe de devenir irrespirable. Kervasdou\u00e9 les passe en revue dans une langue simple et compr\u00e9hensible, sans trop de chiffres ni diagrammes. Il en d\u00e9monte les arguments, ou souligne le manque d\u2019arguments, alors qu\u2019ils sont ass\u00e9n\u00e9s de mani\u00e8re p\u00e9remptoire, assurant que notre monde court \u00e0 sa perte si des mesures radicales ne sont pas prises. Cui bono&nbsp;?<\/p>\n\n\n\n<p>Dans les chapitres consacr\u00e9s au climat et \u00e0 la transition visant \u00e0 d\u00e9carboner notre approvisionnement en \u00e9nergie, il ne s\u2019essaie m\u00eame pas \u00e0 analyser la qualit\u00e9 du diagnostic. Il s\u2019en prend aux incons\u00e9quences des politiques mises en place, allant de la promotion de technologies inefficaces \u00e0 l\u2019abandon controvers\u00e9 du nucl\u00e9aire, toutes ayant pour cons\u00e9quence des rench\u00e9rissements (du kWh) et des interdictions absurdes car irr\u00e9alisables (plus de voitures thermiques en 2035), sans m\u00eame que l\u2019on se soucie de leur impact sur le climat et sur la soci\u00e9t\u00e9. Dans un chapitre impitoyable, il explique comment une fameuse \u00ab&nbsp;convention citoyenne(sic) sur le climat&nbsp;\u00bb a \u00e9t\u00e9 noyaut\u00e9e d\u00e8s le d\u00e9part pour tirer 150 conclusions les plus surann\u00e9es, cocasses et imb\u00e9ciles les unes que les autres. On en est \u00e0 devoir f\u00e9liciter le gouvernement d\u2019alors de n\u2019en avoir pas tenu compte, mais c\u2019est une autre histoire.<\/p>\n\n\n\n<p>Il en va de m\u00eame avec une agriculture europ\u00e9enne dont les objectifs devraient \u00eatre une s\u00e9rie de renoncements&nbsp;: \u00e0 la productivit\u00e9 (moins d\u2019intrants), \u00e0 la quantit\u00e9 (moins de surface), et m\u00eame \u00e0 la qualit\u00e9 avec des denr\u00e9es soi-disant \u00ab&nbsp;bio&nbsp;\u00bb qui ne sont qu\u2019esbrouffe. Heureusement que, comme il l\u2019explique, le changement climatique a un effet b\u00e9n\u00e9fique sur la qualit\u00e9 du vin, il reste au moins de quoi se consoler\u2026<\/p>\n\n\n\n<p>Le plus grave de l\u2019affaire n\u2019est pas la fausset\u00e9 des diagnostics ni les mesures inefficaces voire contreproductives. Ce sont l\u00e0 des errements humains qui n\u2019ont jamais manqu\u00e9 et qui finissent par se corriger. C\u2019est un des n\u0153uds du probl\u00e8me&nbsp;que souligne Kervasdou\u00e9 qui est l\u2019attitude des pouvoirs publics, des repr\u00e9sentants et des m\u00e9dias qui en vivent. Si l\u2019histoire nous raconte des moments d\u2019aberration, folle ou criminelle, le pr\u00e9sent nous d\u00e9montre une volont\u00e9 de ne pas savoir, de s\u2019exclamer \u00ab&nbsp;c\u2019est scientifique&nbsp;\u00bb alors que \u00e7a ne l\u2019est pas du tout (sc\u00e9nario du climat futur), de magnifier l\u2019anecdotique pour jouer avec les \u00e9motions (d\u00e9tection d\u2019une mol\u00e9cule sans risque), de ne pas contempler les dimensions pour vendre de l\u2019insignifiant (hydrog\u00e8ne). Il nous rappelle Diafoirus dont les h\u00e9ritiers \u00e0 Paris ou Bruxelles ont encore le culot de se parer de vert alors que le marron leur irait mieux. Cet obscurantisme d\u00e9lib\u00e9r\u00e9 est inexcusable qui rejette les enseignements de la science ou qui s\u2019y r\u00e9f\u00e8re de mani\u00e8re s\u00e9lective et malhonn\u00eate, qui ignore la vraie expertise devant peser les pours et les contres, et dont le bon sens est absent. Ce livre est n\u00e9cessaire, un de plus qui pointe la nocivit\u00e9 de l\u2019\u00e9cologisme&nbsp;; mais, h\u00e9las, il en faudra bien d\u2019autres \u2013&nbsp;et quelques coups de fouet bien appliqu\u00e9s&nbsp;\u2013 pour que le milieu politico-m\u00e9diatique passe en mode \u00ab&nbsp;correction&nbsp;\u00bb.<\/p>\n\n\n\n<p>Article publi\u00e9 dans <a href=\"https:\/\/www.contrepoints.org\/2024\/10\/25\/479650-limposture-ecologiste-debusquee-une-fois-de-plus\" target=\"_blank\" rel=\"noreferrer noopener\">contrepoints.org<\/a><\/p>\n\n\n\n<hr class=\"wp-block-separator has-alpha-channel-opacity\"\/>\n\n\n\n<p><a href=\"#_ftnref1\" id=\"_ftn1\">[1]<\/a> \u00a0\u00a0\u00a0 Jean de Kervasdou\u00e9, \u00ab\u00a0La grande mystification. \u00c9cologie\u00a0: une imposture qui ne dit pas son nom\u00a0\u00bb, <a href=\"https:\/\/www.albin-michel.fr\/la-grande-mystification-9782226493194\" target=\"_blank\" rel=\"noreferrer noopener\">Albin Michel<\/a>, 2024. <\/p>\n","protected":false},"excerpt":{"rendered":"<p>Jean de Kervasdou\u00e9 est un excellent connaisseur des controverses entourant l\u2019environnement et la sant\u00e9, comme son impressionnante bibliographie et ses diverses chroniques dans Le Point l\u2019attestent. Il vient de redoubler ses critiques \u00e0 l\u2019\u00e9gard de l\u2019\u00e9cologie politique telle qu\u2019elle se d\u00e9cline en France et en Europe dans un ouvrage qui vient de para\u00eetre[1]. Ceux qui &hellip; <a href=\"https:\/\/blog.mr-int.ch\/?p=11648\" class=\"more-link\">Continue reading<span class=\"screen-reader-text\"> \u00ab\u00a0L\u2019imposture \u00e9cologiste d\u00e9busqu\u00e9e une fois de plus\u00a0\u00bb<\/span><\/a><\/p>\n","protected":false},"author":2,"featured_media":11649,"comment_status":"open","ping_status":"open","sticky":false,"template":"","format":"standard","meta":{"iawp_total_views":8,"footnotes":"","_links_to":"","_links_to_target":""},"categories":[40,12,31],"tags":[755,113,756],"class_list":["post-11648","post","type-post","status-publish","format-standard","has-post-thumbnail","hentry","category-environnement","category-politics-fr","category-societe-fr","tag-demystification","tag-ecologisme","tag-ecophobie"],"_links":{"self":[{"href":"https:\/\/blog.mr-int.ch\/index.php?rest_route=\/wp\/v2\/posts\/11648","targetHints":{"allow":["GET"]}}],"collection":[{"href":"https:\/\/blog.mr-int.ch\/index.php?rest_route=\/wp\/v2\/posts"}],"about":[{"href":"https:\/\/blog.mr-int.ch\/index.php?rest_route=\/wp\/v2\/types\/post"}],"author":[{"embeddable":true,"href":"https:\/\/blog.mr-int.ch\/index.php?rest_route=\/wp\/v2\/users\/2"}],"replies":[{"embeddable":true,"href":"https:\/\/blog.mr-int.ch\/index.php?rest_route=%2Fwp%2Fv2%2Fcomments&post=11648"}],"version-history":[{"count":0,"href":"https:\/\/blog.mr-int.ch\/index.php?rest_route=\/wp\/v2\/posts\/11648\/revisions"}],"wp:featuredmedia":[{"embeddable":true,"href":"https:\/\/blog.mr-int.ch\/index.php?rest_route=\/wp\/v2\/media\/11649"}],"wp:attachment":[{"href":"https:\/\/blog.mr-int.ch\/index.php?rest_route=%2Fwp%2Fv2%2Fmedia&parent=11648"}],"wp:term":[{"taxonomy":"category","embeddable":true,"href":"https:\/\/blog.mr-int.ch\/index.php?rest_route=%2Fwp%2Fv2%2Fcategories&post=11648"},{"taxonomy":"post_tag","embeddable":true,"href":"https:\/\/blog.mr-int.ch\/index.php?rest_route=%2Fwp%2Fv2%2Ftags&post=11648"}],"curies":[{"name":"wp","href":"https:\/\/api.w.org\/{rel}","templated":true}]}}