{"id":11121,"date":"2023-12-05T18:55:32","date_gmt":"2023-12-05T17:55:32","guid":{"rendered":"https:\/\/blog.mr-int.ch\/?p=11121"},"modified":"2023-12-07T10:50:14","modified_gmt":"2023-12-07T09:50:14","slug":"apparatchiks-de-lelectricite-messieurs-ca-suffit","status":"publish","type":"post","link":"https:\/\/blog.mr-int.ch\/?p=11121","title":{"rendered":"Apparatchiks de l\u2019\u00e9lectricit\u00e9 : Messieurs, \u00e7a suffit\u00a0!"},"content":{"rendered":"\n<p class=\"wp-block-paragraph\">La Suisse souffre d\u2019un d\u00e9ficit de production \u00e9lectrique, surtout en hiver, et elle s\u2019est mise en t\u00eate de se d\u00e9carboner au plus vite. Cela n\u2019est pourtant ni r\u00e9alisable dans le temps imparti avec les outils \u00e0 disposition, ni \u00e9conomiquement abordable. Nonobstant cet \u00e9tat de fait irr\u00e9futable, le secteur \u00e9lectrique, un des derniers vestiges du Filz helv\u00e9tique, s\u2019acharne t\u00eate baiss\u00e9e \u00e0 promouvoir des solutions de tr\u00e8s mauvais acabit.<\/p>\n\n\n\n<p class=\"wp-block-paragraph\">Dans une <a href=\"https:\/\/epaper.tagesanzeiger.ch\/read\/20\/20\/2023-12-04\/2\" target=\"_blank\" rel=\"noreferrer noopener nofollow\">tribune publi\u00e9e dans le Tagesanzeiger du 4 d\u00e9cembre<\/a>, Michael Frank, directeur de l&rsquo;Association des entreprises \u00e9lectriques suisses (AES), s\u2019adresse au Parlement nouvellement reconstitu\u00e9 afin de persuader ses membres d\u2019une priorit\u00e9 absolue dont devraient jouir les errements de son secteur.<\/p>\n\n\n\n<p class=\"wp-block-paragraph\">C&rsquo;est pusillanime, honteux et arrogant.<\/p>\n\n\n\n<div class=\"wp-block-columns is-layout-flex wp-container-core-columns-is-layout-8f761849 wp-block-columns-is-layout-flex\">\n<div class=\"wp-block-column is-layout-flow wp-block-column-is-layout-flow\">\n<p class=\"wp-block-paragraph\">S\u2019il s\u2019agit de projets \u00ab&nbsp;renouvelables&nbsp;\u00bb permettant de fournir 3,4 TWh par ann\u00e9e, c\u2019est totalement \u00e0 c\u00f4t\u00e9 de la plaque. D\u2019une part c\u2019est le point de vue d\u2019un producteur irresponsable car tout le monde sait que cette quantit\u00e9 de courant n\u2019est pas disponible pour les clients puisque ni le soleil ni le vent ne produisent constamment leurs effets. D\u2019autre part c\u2019est ridicule face au d\u00e9fi pos\u00e9 par la loi sur l\u2019\u00e9nergie qui pr\u00e9tend atteindre une d\u00e9carbonation totale d\u2019ici 2050 (voir l\u2019encadr\u00e9 ci-joint).<\/p>\n<\/div>\n\n\n\n<div class=\"wp-block-column is-layout-flow wp-block-column-is-layout-flow\">\n<figure class=\"wp-block-image size-full\"><img decoding=\"async\" src=\"https:\/\/blog.mr-int.ch\/wp-content\/uploads\/2023\/12\/rappel.svg\" alt=\"\" class=\"wp-image-11122\"\/><\/figure>\n<\/div>\n<\/div>\n\n\n\n<p class=\"wp-block-paragraph\">C\u2019est aussi la d\u00e9monstration de la soumission d&rsquo;un soi-disant \u00ab\u00a0leader\u00a0\u00bb \u00e0 l&rsquo;id\u00e9ologie d&rsquo;une transition \u00e9nerg\u00e9tique imm\u00e9diate et \u00e0 tout prix. Si ce n\u2019est de l\u2019idiotie de sa part c\u2019est de la cupidit\u00e9 pure et simple, celle d\u2019un secteur qui \u00e0 plus de 90% est en des mains publiques, toujours et encore corrompu par la paresse et la complaisance.<\/p>\n\n\n\n<p class=\"wp-block-paragraph\">A cette honte s&rsquo;ajoute l&rsquo;arrogance de vouloir dicter aux parlementaires quelles devraient \u00eatre leurs priorit\u00e9s, alors qu&rsquo;une loi qui vient d&rsquo;\u00eatre vot\u00e9e en ce sens fait l&rsquo;objet d&rsquo;un r\u00e9f\u00e9rendum sur lequel, nous l&rsquo;esp\u00e9rons, le peuple se prononcera en pleine conscience d&rsquo;un d\u00e9bat qui oppose d&rsquo;une part l&rsquo;occupation des terres et des paysages par des projets m\u00e9galomanes qui, malgr\u00e9 leur taille, ne sont m\u00eame pas \u00e0 la hauteur des enjeux et d&rsquo;autre part la protection des sites concern\u00e9s. Il en va de m\u00eame avec Christian Petit, directeur de Romande \u00c9nergie qui, dans <a href=\"https:\/\/www.linkedin.com\/search\/results\/all\/?keywords=%22126%20projets%20pour%20un%20total%20de%204.6%20TWh%22&amp;origin=TYPEAHEAD_ESCAPE_HATCH&amp;sid=J3j\" target=\"_blank\" rel=\"noreferrer noopener nofollow\">un billet sur LinkedIn<\/a> argumente de mani\u00e8re similaire et qui ajoute que, prenant vingt-cinq ans pour \u00eatre r\u00e9alis\u00e9, tout projet nucl\u00e9aire serait inutile. C\u2019est \u00e0 peu pr\u00e8s aussi stupide que de dire que, puisque cela prend 25 ans pour former un jeune adulte, il ne faudrait plus faire d\u2019enfants.&nbsp;<\/p>\n\n\n\n<p class=\"wp-block-paragraph\">Tout \u00e7a n\u2019est m\u00eame pas du lobbyisme puisque que c\u2019est de l\u2019int\u00e9rieur du monopole \u00e9lectrique \u00e9tatique que s\u2019expriment ses apparatchiks. Leurs d\u00e9missions s\u2019imposent&nbsp;!<\/p>\n\n\n\n<p class=\"wp-block-paragraph\">Plut\u00f4t que des j\u00e9r\u00e9miades, proposons une solution meilleure en tous points que toutes les alternatives&nbsp;: r\u00e9former la loi sur l\u2019\u00e9nergie nucl\u00e9aire (<a href=\"https:\/\/www.fedlex.admin.ch\/eli\/cc\/2004\/723\/fr\" target=\"_blank\" rel=\"noreferrer noopener nofollow\">LENu<\/a>) en supprimant l\u2019art. 12a afin de lever l\u2019interdiction de construire de nouvelles centrales ainsi qu\u2019en modifiant l\u2019art. 9 qui interdit le retraitement des d\u00e9chets et donc ne permet pas d\u2019am\u00e9liorer cette technologie. Cette r\u00e9forme sera soumise au r\u00e9f\u00e9rendum, ce qui permettra, enfin, de trancher loyalement ce sujet. \u00c0 la COP28 un groupe de pays, et pas des moindres, appelle \u00e0 tripler la production nucl\u00e9aire pour faire face au d\u00e9fi climatique. Il serait bon que la Suisse, pays d\u2019excellence nucl\u00e9aire, se joigne \u00e0 eux.<\/p>\n\n\n\n<hr class=\"wp-block-separator has-alpha-channel-opacity\"\/>\n\n\n\n<p class=\"wp-block-paragraph\">Deutsche \u00dcbersetzung auf dem <a href=\"https:\/\/www.c-c-netzwerk.ch\/2023\/12\/05\/stromapparatschiks-herrschaften-es-reicht\/?year=2023&amp;monthnum=12&amp;day=05&amp;lang=de\" target=\"_blank\" rel=\"noreferrer noopener nofollow\">Blog von Carnot-Cournot-Netzwerk<\/a>.<br>Traduzione italiana\u00a0<a href=\"https:\/\/www.c-c-netzwerk.ch\/?p=13981&amp;preview=true&amp;lang=de\" rel=\"nofollow noopener\" target=\"_blank\">qui<\/a>.<\/p>\n\n\n\n<p class=\"wp-block-paragraph\"> <\/p>\n","protected":false},"excerpt":{"rendered":"<p>La Suisse souffre d\u2019un d\u00e9ficit de production \u00e9lectrique, surtout en hiver, et elle s\u2019est mise en t\u00eate de se d\u00e9carboner au plus vite. Cela n\u2019est pourtant ni r\u00e9alisable dans le temps imparti avec les outils \u00e0 disposition, ni \u00e9conomiquement abordable. Nonobstant cet \u00e9tat de fait irr\u00e9futable, le secteur \u00e9lectrique, un des derniers vestiges du Filz &hellip; <a href=\"https:\/\/blog.mr-int.ch\/?p=11121\" class=\"more-link\">Continue reading<span class=\"screen-reader-text\"> \u00ab\u00a0Apparatchiks de l\u2019\u00e9lectricit\u00e9 : Messieurs, \u00e7a suffit\u00a0!\u00a0\u00bb<\/span><\/a><\/p>\n","protected":false},"author":2,"featured_media":11124,"comment_status":"open","ping_status":"open","sticky":false,"template":"","format":"standard","meta":{"iawp_total_views":15,"footnotes":"","_links_to":"","_links_to_target":""},"categories":[38,11,36,12],"tags":[653,651,652,227,470],"class_list":["post-11121","post","type-post","status-publish","format-standard","has-post-thumbnail","hentry","category-climat","category-economy-fr","category-energie","category-politics-fr","tag-demande-de-courant","tag-electrification","tag-energie-nucleaire","tag-soumission","tag-transition-energetique"],"_links":{"self":[{"href":"https:\/\/blog.mr-int.ch\/index.php?rest_route=\/wp\/v2\/posts\/11121","targetHints":{"allow":["GET"]}}],"collection":[{"href":"https:\/\/blog.mr-int.ch\/index.php?rest_route=\/wp\/v2\/posts"}],"about":[{"href":"https:\/\/blog.mr-int.ch\/index.php?rest_route=\/wp\/v2\/types\/post"}],"author":[{"embeddable":true,"href":"https:\/\/blog.mr-int.ch\/index.php?rest_route=\/wp\/v2\/users\/2"}],"replies":[{"embeddable":true,"href":"https:\/\/blog.mr-int.ch\/index.php?rest_route=%2Fwp%2Fv2%2Fcomments&post=11121"}],"version-history":[{"count":0,"href":"https:\/\/blog.mr-int.ch\/index.php?rest_route=\/wp\/v2\/posts\/11121\/revisions"}],"wp:featuredmedia":[{"embeddable":true,"href":"https:\/\/blog.mr-int.ch\/index.php?rest_route=\/wp\/v2\/media\/11124"}],"wp:attachment":[{"href":"https:\/\/blog.mr-int.ch\/index.php?rest_route=%2Fwp%2Fv2%2Fmedia&parent=11121"}],"wp:term":[{"taxonomy":"category","embeddable":true,"href":"https:\/\/blog.mr-int.ch\/index.php?rest_route=%2Fwp%2Fv2%2Fcategories&post=11121"},{"taxonomy":"post_tag","embeddable":true,"href":"https:\/\/blog.mr-int.ch\/index.php?rest_route=%2Fwp%2Fv2%2Ftags&post=11121"}],"curies":[{"name":"wp","href":"https:\/\/api.w.org\/{rel}","templated":true}]}}